{"id":65700,"date":"2019-10-27T12:00:00","date_gmt":"2019-10-27T16:00:00","guid":{"rendered":"https:\/\/linitiative.ca\/International\/sahara-occidental-lafrique-du-sud-reitere-son-soutien-au-droit-du-peuple-sahraoui\/"},"modified":"2019-10-27T12:00:00","modified_gmt":"2019-10-27T16:00:00","slug":"sahara-occidental-lafrique-du-sud-reitere-son-soutien-au-droit-du-peuple-sahraoui","status":"publish","type":"post","link":"https:\/\/linitiative.ca\/International\/sahara-occidental-lafrique-du-sud-reitere-son-soutien-au-droit-du-peuple-sahraoui\/","title":{"rendered":"Sahara occidental :  L\u2019Afrique du Sud r\u00e9it\u00e8re son soutien au droit du peuple sahraoui"},"content":{"rendered":"<p>L&rsquo;Afrique du Sud a r\u00e9it\u00e9r\u00e9, lors du 18e sommet du Mouvement des pays non align\u00e9s (MPNA) \u00e0 Bakou, son ferme attachement au r\u00e8glement du conflit au Sahara occidental \u00e0 travers l&rsquo;organisation d&rsquo;un r\u00e9f\u00e9rendum d&rsquo;autod\u00e9termination, appelant \u00e0 la mobilisation de la communaut\u00e9 internationale pour la mise en \u0153uvre des r\u00e9solutions du Conseil de s\u00e9curit\u00e9 des Nations unies et de l&rsquo;Assembl\u00e9e g\u00e9n\u00e9rale. \u00ab\u00a0Notre mouvement doit assumer son r\u00f4le primordial dans la r\u00e9solution du conflit au Sahara occidental, qui garantira le droit du peuple sahraoui \u00e0 l&rsquo;autod\u00e9termination\u00a0\u00bb, a d\u00e9clar\u00e9 le vice-ministre sud-africain des Relations internationales et de la Coop\u00e9ration, Alvin Botes. Le diplomate sud-africain, a lanc\u00e9 un appel \u00e0 cette occasion, au secr\u00e9taire g\u00e9n\u00e9ral des Nations unies pour \u00ab\u00a0d\u00e9signer dans les meilleurs d\u00e9lais un envoy\u00e9 personnel pour le Sahara occidental afin de remettre le processus de paix sur les rails apr\u00e8s la d\u00e9mission de Horst Kohler\u00a0\u00bb, a-t-il pr\u00e9cis\u00e9. De son c\u00f4t\u00e9 l\u2019Alg\u00e9rie, par la voix du chef de l&rsquo;Etat, Abdelkader Bensalah, a mis en avant, \u00ab\u00a0la conviction profonde quant \u00e0 l&rsquo;importance du dialogue et du r\u00e8glement pacifique des conflits, en r\u00e9it\u00e9rant l&rsquo;attachement aux principes fondamentaux des Nations unis et du droit international\u00a0\u00bb.<\/p>\n<p>R\u00e9daction Web<\/p>\n<p>Auteur: elmoudjahid<br \/>\n<a href=\"http:\/\/www.elmoudjahid.com\/fr\/actualites\/143675\">Cliquez ici pour lire l&rsquo;article depuis sa source.<\/a><\/p>\n","protected":false},"excerpt":{"rendered":"<p>L&rsquo;Afrique du Sud a r\u00e9it\u00e9r\u00e9, lors du 18e sommet du Mouvement des pays non align\u00e9s (MPNA) \u00e0 Bakou, son ferme attachement au r\u00e8glement du conflit au Sahara occidental \u00e0 travers l&rsquo;organisation d&rsquo;un r\u00e9f\u00e9rendum d&rsquo;autod\u00e9termination, appelant \u00e0 la mobilisation de la communaut\u00e9 internationale pour la mise en \u0153uvre des r\u00e9solutions du Conseil de s\u00e9curit\u00e9 des Nations [&hellip;]<\/p>\n","protected":false},"author":1744,"featured_media":0,"comment_status":"closed","ping_status":"closed","sticky":false,"template":"","format":"standard","meta":{"fifu_image_url":"","fifu_image_alt":"","footnotes":""},"categories":[73,53],"tags":[],"class_list":["post-65700","post","type-post","status-publish","format-standard","hentry","category-actualite","category-algerie"],"_links":{"self":[{"href":"https:\/\/linitiative.ca\/International\/wp-json\/wp\/v2\/posts\/65700","targetHints":{"allow":["GET"]}}],"collection":[{"href":"https:\/\/linitiative.ca\/International\/wp-json\/wp\/v2\/posts"}],"about":[{"href":"https:\/\/linitiative.ca\/International\/wp-json\/wp\/v2\/types\/post"}],"author":[{"embeddable":true,"href":"https:\/\/linitiative.ca\/International\/wp-json\/wp\/v2\/users\/1744"}],"replies":[{"embeddable":true,"href":"https:\/\/linitiative.ca\/International\/wp-json\/wp\/v2\/comments?post=65700"}],"version-history":[{"count":0,"href":"https:\/\/linitiative.ca\/International\/wp-json\/wp\/v2\/posts\/65700\/revisions"}],"wp:attachment":[{"href":"https:\/\/linitiative.ca\/International\/wp-json\/wp\/v2\/media?parent=65700"}],"wp:term":[{"taxonomy":"category","embeddable":true,"href":"https:\/\/linitiative.ca\/International\/wp-json\/wp\/v2\/categories?post=65700"},{"taxonomy":"post_tag","embeddable":true,"href":"https:\/\/linitiative.ca\/International\/wp-json\/wp\/v2\/tags?post=65700"}],"curies":[{"name":"wp","href":"https:\/\/api.w.org\/{rel}","templated":true}]}}