{"id":65702,"date":"2019-10-27T11:57:17","date_gmt":"2019-10-27T15:57:17","guid":{"rendered":"https:\/\/linitiative.ca\/International\/96410-jeux-olympiques-2020-athletisme-la-preparation-se-fera-en-altitude\/"},"modified":"2019-10-27T11:57:17","modified_gmt":"2019-10-27T15:57:17","slug":"96410-jeux-olympiques-2020-athletisme-la-preparation-se-fera-en-altitude","status":"publish","type":"post","link":"https:\/\/linitiative.ca\/International\/96410-jeux-olympiques-2020-athletisme-la-preparation-se-fera-en-altitude\/","title":{"rendered":"Jeux olympiques 2020 \/ Athl\u00e9tisme: \u00a0\u00bbLa pr\u00e9paration se fera en altitude\u00a0\u00bb"},"content":{"rendered":"<div readability=\"38\">\n<p><strong>ALGER- Le vice-champion du monde du 1500m, Taoufik Makhloufi, compte continuer sa pr\u00e9paration en pr\u00e9vision des prochains Jeux olympiques-2020 (Tokyo &#8211; Japon), en altitude, a-t-il indiqu\u00e9 dimanche \u00e0 Alger.<\/strong><\/p>\n<\/div>\n<div readability=\"71.5\">\n<p>\u00a0\u00bbLe programme de pr\u00e9paration n&rsquo;a pas encore \u00e9t\u00e9 finalis\u00e9 mais ce qui est s\u00fbr, c&rsquo;est qu&rsquo;il y aura des stages en hauteurs, ce sera entre les Etats-Unis, le Kenya ou l&rsquo;Afrique du Sud. Le reste du temps, je serai en Europe. La pr\u00e9paration en vue des JO-2020 a \u00e9t\u00e9 entam\u00e9e depuis un an et les derniers Mondiaux au Qatar ne sont qu&rsquo;une \u00e9tape interm\u00e9diaire\u00a0\u00bb, a d\u00e9clar\u00e9 Makhloufi lors de la r\u00e9ception organis\u00e9e en son honneur par l&rsquo;op\u00e9rateur de t\u00e9l\u00e9phonie mobile, Mobilis.<\/p>\n<p>Le natif de Souk-Ahras s&rsquo;est engag\u00e9 \u00e0 continuer d&rsquo;honorer le pays lors des prochaines manifestations sportives pour \u00ab\u00a0\u00e9crire l&rsquo;histoire et enrichir le palmar\u00e8s du sport alg\u00e9rien\u00a0\u00bb.<\/p>\n<blockquote readability=\"8\">\n<p><em><strong>\u00a0\u00bbJe vais essayer de faire le maximum et travailler durement pour repr\u00e9senter l&rsquo;Alg\u00e9rie dignement. Je vais continuer \u00e0 pr\u00e9parer les JO de Tokyo, les Jeux m\u00e9diterran\u00e9ens d&rsquo;Oran de 2021 et les Mondiaux de 2021&Prime;.<\/strong><\/em><\/p>\n<\/blockquote>\n<p>Selon le vice-champion olympique-2016 du 800 et 1500m, la \u00ab\u00a0patience\u00a0\u00bb et le \u00a0\u00bbtravail s\u00e9rieux\u00a0\u00bb sont les cl\u00e9s de sa r\u00e9ussite malgr\u00e9 les moments difficiles qu&rsquo;il a v\u00e9cus apr\u00e8s 2016.<\/p>\n<p>\u00a0\u00bbApr\u00e8s 2016, j&rsquo;ai eu des soucis avec mon entra\u00eeneur et des probl\u00e8mes de sant\u00e9, mais par la suite, tout est rentr\u00e9 dans l&rsquo;ordre. Le secret qui m&rsquo;a permis de garder mon niveau malgr\u00e9 ma longue absence, c&rsquo;est l&rsquo;amour de la victoire et la patience au travail. Il fallait faire des sacrifices pour atteindre mes objectifs\u00a0\u00bb, a-t-il conclu.<\/p>\n<p>A cette occasion, Makhloufi a \u00e9t\u00e9 honor\u00e9 par le P-dg de Mobilis, Bellal Mekkid, qui lui a d\u00e9cern\u00e9 le \u00ab\u00a0Bouclier de consid\u00e9ration\u00a0\u00bb.<\/p>\n<p>\u00a0\u00bbJe suis tr\u00e8s heureux de recevoir au si\u00e8ge de Mobilis un champion alg\u00e9rien qui a honor\u00e9 la nation lors des diff\u00e9rentes manifestations sportives. C&rsquo;est un homme qui s&rsquo;est donn\u00e9 \u00e0 fond et\u00a0 sacrifi\u00e9 pour mettre l&rsquo;Alg\u00e9rie au-devant de la sc\u00e8ne internationale\u00a0\u00bb, a-t-il t\u00e9moign\u00e9.<\/p>\n<\/div>\n<p>Auteur:<br \/>\n<a href=\"http:\/\/www.aps.dz\/sport\/96410-jeux-olympiques-2020-athletisme-la-preparation-se-fera-en-altitude?utm_source=feedburner&#038;utm_medium=feed&#038;utm_campaign=Feed%3A+aps-sport+%28APS+-+SPORT%29\">Cliquez ici pour lire l&rsquo;article depuis sa source.<\/a><\/p>\n","protected":false},"excerpt":{"rendered":"<p>ALGER- Le vice-champion du monde du 1500m, Taoufik Makhloufi, compte continuer sa pr\u00e9paration en pr\u00e9vision des prochains Jeux olympiques-2020 (Tokyo &#8211; Japon), en altitude, a-t-il indiqu\u00e9 dimanche \u00e0 Alger. \u00a0\u00bbLe programme de pr\u00e9paration n&rsquo;a pas encore \u00e9t\u00e9 finalis\u00e9 mais ce qui est s\u00fbr, c&rsquo;est qu&rsquo;il y aura des stages en hauteurs, ce sera entre les [&hellip;]<\/p>\n","protected":false},"author":1790,"featured_media":0,"comment_status":"closed","ping_status":"closed","sticky":false,"template":"","format":"standard","meta":{"fifu_image_url":"","fifu_image_alt":"","footnotes":""},"categories":[53,75],"tags":[],"class_list":["post-65702","post","type-post","status-publish","format-standard","hentry","category-algerie","category-sport"],"_links":{"self":[{"href":"https:\/\/linitiative.ca\/International\/wp-json\/wp\/v2\/posts\/65702","targetHints":{"allow":["GET"]}}],"collection":[{"href":"https:\/\/linitiative.ca\/International\/wp-json\/wp\/v2\/posts"}],"about":[{"href":"https:\/\/linitiative.ca\/International\/wp-json\/wp\/v2\/types\/post"}],"author":[{"embeddable":true,"href":"https:\/\/linitiative.ca\/International\/wp-json\/wp\/v2\/users\/1790"}],"replies":[{"embeddable":true,"href":"https:\/\/linitiative.ca\/International\/wp-json\/wp\/v2\/comments?post=65702"}],"version-history":[{"count":0,"href":"https:\/\/linitiative.ca\/International\/wp-json\/wp\/v2\/posts\/65702\/revisions"}],"wp:attachment":[{"href":"https:\/\/linitiative.ca\/International\/wp-json\/wp\/v2\/media?parent=65702"}],"wp:term":[{"taxonomy":"category","embeddable":true,"href":"https:\/\/linitiative.ca\/International\/wp-json\/wp\/v2\/categories?post=65702"},{"taxonomy":"post_tag","embeddable":true,"href":"https:\/\/linitiative.ca\/International\/wp-json\/wp\/v2\/tags?post=65702"}],"curies":[{"name":"wp","href":"https:\/\/api.w.org\/{rel}","templated":true}]}}