{"id":65709,"date":"2019-10-27T12:34:00","date_gmt":"2019-10-27T16:34:00","guid":{"rendered":"https:\/\/linitiative.ca\/International\/sous-istn-le-fils-ouyahia-se-trouverait-a-letranger\/"},"modified":"2019-10-27T12:34:00","modified_gmt":"2019-10-27T16:34:00","slug":"sous-istn-le-fils-ouyahia-se-trouverait-a-letranger","status":"publish","type":"post","link":"https:\/\/linitiative.ca\/International\/sous-istn-le-fils-ouyahia-se-trouverait-a-letranger\/","title":{"rendered":"Sous ISTN,  le fils Ouyahia se trouverait \u00e0 l\u2019\u00e9tranger"},"content":{"rendered":"<p><br id=\"sep_para_1\" class=\"sep_para access\"\/><\/p>\n<div id=\"para_1\" class=\"para_33684816 resize\">\n<div class=\"texte access firstletter\">Pr\u00e9alablement convoqu\u00e9 par la justice avec son p\u00e8re au mois de juin, le fils Ouyahia, Lamine, est soup\u00e7onn\u00e9 d\u2019acquisition de\u00a0 \u00ab march\u00e9s et contrats importants dans divers secteurs \u00bb. Inculp\u00e9, il aurait \u00e9t\u00e9 lib\u00e9r\u00e9\u2026 Le fils de Ahmed Ouyahia, ancien Premier ministre, devrait toutefois \u00eatre convoqu\u00e9 ult\u00e9rieurement par la justice pour r\u00e9pondre, pour la deuxi\u00e8me fois, aux questions du parquet. Il n\u2019en fut rien, selon Le Soir d\u2019Alg\u00e9rie. Pour cause, d\u00e8s sa lib\u00e9ration l\u2019h\u00e9ritier de l\u2019ancien homme fort du gouvernement serait parti pr\u00e9cipitamment vers l\u2019\u00e9tranger \u00ab en compagnie d\u2019autres membres de sa proche famille \u00bb.\u00a0 Son absence du territoire national se confirme, lorsque celui-ci ne se pr\u00e9sente pas \u00e0 une seconde convocation que lui a adress\u00e9e la justice dans le cadre d\u2019une nouvelle comparution \u00bb, souligne le quotidien francophone. Le fils Ouyahia, selon la source, aurait r\u00e9ussi \u00e0 quitter le pays malgr\u00e9 qu\u2019il fasse l\u2019objet d\u2019une Interdiction de sortie du territoire national (ISTN).<\/div>\n<\/div>\n<p>Auteur: R\u00e9flexion<br \/>\n<a href=\"https:\/\/www.reflexiondz.net\/Sous-ISTN-le-fils-Ouyahia-se-trouverait-a-l-etranger_a58485.html\">Cliquez ici pour lire l&rsquo;article depuis sa source.<\/a><\/p>\n","protected":false},"excerpt":{"rendered":"<p>Pr\u00e9alablement convoqu\u00e9 par la justice avec son p\u00e8re au mois de juin, le fils Ouyahia, Lamine, est soup\u00e7onn\u00e9 d\u2019acquisition de\u00a0 \u00ab march\u00e9s et contrats importants dans divers secteurs \u00bb. Inculp\u00e9, il aurait \u00e9t\u00e9 lib\u00e9r\u00e9\u2026 Le fils de Ahmed Ouyahia, ancien Premier ministre, devrait toutefois \u00eatre convoqu\u00e9 ult\u00e9rieurement par la justice pour r\u00e9pondre, pour la deuxi\u00e8me [&hellip;]<\/p>\n","protected":false},"author":1740,"featured_media":0,"comment_status":"closed","ping_status":"closed","sticky":false,"template":"","format":"standard","meta":{"fifu_image_url":"","fifu_image_alt":"","footnotes":""},"categories":[53,76],"tags":[],"class_list":["post-65709","post","type-post","status-publish","format-standard","hentry","category-algerie","category-regions"],"_links":{"self":[{"href":"https:\/\/linitiative.ca\/International\/wp-json\/wp\/v2\/posts\/65709","targetHints":{"allow":["GET"]}}],"collection":[{"href":"https:\/\/linitiative.ca\/International\/wp-json\/wp\/v2\/posts"}],"about":[{"href":"https:\/\/linitiative.ca\/International\/wp-json\/wp\/v2\/types\/post"}],"author":[{"embeddable":true,"href":"https:\/\/linitiative.ca\/International\/wp-json\/wp\/v2\/users\/1740"}],"replies":[{"embeddable":true,"href":"https:\/\/linitiative.ca\/International\/wp-json\/wp\/v2\/comments?post=65709"}],"version-history":[{"count":0,"href":"https:\/\/linitiative.ca\/International\/wp-json\/wp\/v2\/posts\/65709\/revisions"}],"wp:attachment":[{"href":"https:\/\/linitiative.ca\/International\/wp-json\/wp\/v2\/media?parent=65709"}],"wp:term":[{"taxonomy":"category","embeddable":true,"href":"https:\/\/linitiative.ca\/International\/wp-json\/wp\/v2\/categories?post=65709"},{"taxonomy":"post_tag","embeddable":true,"href":"https:\/\/linitiative.ca\/International\/wp-json\/wp\/v2\/tags?post=65709"}],"curies":[{"name":"wp","href":"https:\/\/api.w.org\/{rel}","templated":true}]}}