{"id":65710,"date":"2019-10-27T12:34:00","date_gmt":"2019-10-27T16:34:00","guid":{"rendered":"https:\/\/linitiative.ca\/International\/benflis-veut-remplacer-letat-novembriste-par-un-etat-de-droit\/"},"modified":"2019-10-27T12:34:00","modified_gmt":"2019-10-27T16:34:00","slug":"benflis-veut-remplacer-letat-novembriste-par-un-etat-de-droit","status":"publish","type":"post","link":"https:\/\/linitiative.ca\/International\/benflis-veut-remplacer-letat-novembriste-par-un-etat-de-droit\/","title":{"rendered":"Benflis veut remplacer \u2018\u2019l&rsquo;Etat Novembriste\u2019\u2019 par un \u2018\u2019Etat de droit\u2019\u2019"},"content":{"rendered":"<p><br id=\"sep_para_1\" class=\"sep_para access\"\/><\/p>\n<div id=\"para_1\" class=\"para_33684815 resize\">\n<div class=\"photo shadow left\"><a href=\"javascript:void(0)\" rel=\"https:\/\/www.reflexiondz.net\/photo\/art\/grande\/38798224-33684815.jpg?v=1572197583&#038;ibox\" title=\"Benflis veut remplacer \u2018\u2019l'Etat Novembriste\u2019\u2019 par un \u2018\u2019Etat de droit\u2019\u2019\"><img decoding=\"async\" class=\"responsive c9\" src=\"https:\/\/www.reflexiondz.net\/photo\/art\/grande\/38798224-33684815.jpg?v=1572197583\" alt=\"Benflis veut remplacer \u2018\u2019l'Etat Novembriste\u2019\u2019 par un \u2018\u2019Etat de droit\u2019\u2019\" title=\"Benflis veut remplacer \u2018\u2019l'Etat Novembriste\u2019\u2019 par un \u2018\u2019Etat de droit\u2019\u2019\"\/><img decoding=\"async\" class=\"not-responsive\" src=\"https:\/\/www.reflexiondz.net\/photo\/art\/default\/38798224-33684815.jpg?v=1572197585\" alt=\"Benflis veut remplacer \u2018\u2019l'Etat Novembriste\u2019\u2019 par un \u2018\u2019Etat de droit\u2019\u2019\" title=\"Benflis veut remplacer \u2018\u2019l'Etat Novembriste\u2019\u2019 par un \u2018\u2019Etat de droit\u2019\u2019\"\/><\/a><\/div>\n<div class=\"texte access firstletter\">Ali Benflis, ancien Chef du Gouvernement (2000-2003) et plusieurs fois candidat aux \u00e9lections pr\u00e9sidentielles, estime qu\u2019il est d\u00e9sormais temps de remplacer l&rsquo; \u00bbEtat nationaliste et novembriste par un Etat de droit \u00bb. \u00ab Je veux \u00eatre, si je suis accept\u00e9, l\u2019un des h\u00e9ritiers de ces gens qui ont lib\u00e9r\u00e9 l\u2019Alg\u00e9rie, pour la lib\u00e9rer une seconde fois et instaurer un v\u00e9ritable Etat ; remplacer l\u2019Etat nationaliste et novembriste par un Etat de droit, o\u00f9 tout le monde trouvera une place \u00bb, a-t-il d\u00e9clar\u00e9, en r\u00e9ponse \u00e0 la question d\u2019un journaliste. \u00ab Moi, personnellement, j\u2019ai particip\u00e9 plus de dix fois au Hirak. Mais maintenant, l\u2019on doit trouver une sortie politique \u00e0 l\u2019Alg\u00e9rie \u00bb, argue-t-il. Par ailleurs, Ali Benflis estime que \u00ab devant une telle crise, on ne peut pas \u00eatre observateur \u00bb. Il pr\u00f4ne ainsi la voie des \u00e9lections qu\u2019il qualifie de \u00ab chemin le plus court, le plus s\u00fbr, le moins rude pour endiguer la crise \u00bb.<\/div>\n<\/div>\n<p>Auteur: R\u00e9flexion<br \/>\n<a href=\"https:\/\/www.reflexiondz.net\/Benflis-veut-remplacer-l-Etat-Novembriste-par-un-Etat-de-droit_a58484.html\">Cliquez ici pour lire l&rsquo;article depuis sa source.<\/a><\/p>\n","protected":false},"excerpt":{"rendered":"<p>Ali Benflis, ancien Chef du Gouvernement (2000-2003) et plusieurs fois candidat aux \u00e9lections pr\u00e9sidentielles, estime qu\u2019il est d\u00e9sormais temps de remplacer l&rsquo; \u00bbEtat nationaliste et novembriste par un Etat de droit \u00bb. \u00ab Je veux \u00eatre, si je suis accept\u00e9, l\u2019un des h\u00e9ritiers de ces gens qui ont lib\u00e9r\u00e9 l\u2019Alg\u00e9rie, pour la lib\u00e9rer une seconde [&hellip;]<\/p>\n","protected":false},"author":1740,"featured_media":0,"comment_status":"closed","ping_status":"closed","sticky":false,"template":"","format":"standard","meta":{"fifu_image_url":"","fifu_image_alt":"","footnotes":""},"categories":[53,76],"tags":[],"class_list":["post-65710","post","type-post","status-publish","format-standard","hentry","category-algerie","category-regions"],"_links":{"self":[{"href":"https:\/\/linitiative.ca\/International\/wp-json\/wp\/v2\/posts\/65710","targetHints":{"allow":["GET"]}}],"collection":[{"href":"https:\/\/linitiative.ca\/International\/wp-json\/wp\/v2\/posts"}],"about":[{"href":"https:\/\/linitiative.ca\/International\/wp-json\/wp\/v2\/types\/post"}],"author":[{"embeddable":true,"href":"https:\/\/linitiative.ca\/International\/wp-json\/wp\/v2\/users\/1740"}],"replies":[{"embeddable":true,"href":"https:\/\/linitiative.ca\/International\/wp-json\/wp\/v2\/comments?post=65710"}],"version-history":[{"count":0,"href":"https:\/\/linitiative.ca\/International\/wp-json\/wp\/v2\/posts\/65710\/revisions"}],"wp:attachment":[{"href":"https:\/\/linitiative.ca\/International\/wp-json\/wp\/v2\/media?parent=65710"}],"wp:term":[{"taxonomy":"category","embeddable":true,"href":"https:\/\/linitiative.ca\/International\/wp-json\/wp\/v2\/categories?post=65710"},{"taxonomy":"post_tag","embeddable":true,"href":"https:\/\/linitiative.ca\/International\/wp-json\/wp\/v2\/tags?post=65710"}],"curies":[{"name":"wp","href":"https:\/\/api.w.org\/{rel}","templated":true}]}}