{"id":65716,"date":"2019-10-27T07:45:00","date_gmt":"2019-10-27T11:45:00","guid":{"rendered":"https:\/\/linitiative.ca\/International\/les-trois-messages-de-lallemagne-que-portera-le-ministre-des-affaires-etrangeres-heiko-maas-ce-lundi-a-kais-saied\/"},"modified":"2019-10-27T07:45:00","modified_gmt":"2019-10-27T11:45:00","slug":"les-trois-messages-de-lallemagne-que-portera-le-ministre-des-affaires-etrangeres-heiko-maas-ce-lundi-a-kais-saied","status":"publish","type":"post","link":"https:\/\/linitiative.ca\/International\/les-trois-messages-de-lallemagne-que-portera-le-ministre-des-affaires-etrangeres-heiko-maas-ce-lundi-a-kais-saied\/","title":{"rendered":"Les trois messages de l\u2019Allemagne que portera le ministre des Affaires \u00e9trang\u00e8res Heiko Maas ce lundi \u00e0 Kais Saied"},"content":{"rendered":"<p>Exclusif &#8211; Premier visiteur officiel \u00e0 \u00eatre re\u00e7u ce lundi matin \u00e0 Carthage, par le nouveau pr\u00e9sident de la R\u00e9publique, Kais Saied, depuis son investiture, lle ministre allemand des Affaires \u00e9trang\u00e8res, Heiki Maas, est dans un d\u00e9placement tr\u00e8s sp\u00e9cial. F\u00e9licitations, soutien et appui aux r\u00e9formes urgentes seraient, selon des sources bien infirm\u00e9es \u00e0 Berlin, les principaux messages de l\u2019Allemagne, mais sans doute aussi de l\u2019Europe, m\u00eame s\u2019il ne s\u2019exprimera pas en son nom, dont il est charg\u00e9 de porter au chef de l\u2019Etat et au peuple tunisien.<\/p>\n<p><span class=\"c2\"><strong>F\u00e9licitations<\/strong><\/span> pour la tenue r\u00e9ussie des \u00e9lections l\u00e9gislatives et pr\u00e9sidentielles, dans le droit chemin de l\u2019avanc\u00e9e d\u00e9mocratique. <strong><span class=\"c2\">Soutien<\/span><\/strong> r\u00e9it\u00e9r\u00e9 \u00e0 la Tunisie tant sur le plan s\u00e9curitaire qu\u2019\u00e9conomique et social. Et <span class=\"c2\"><strong>appui aux r\u00e9formes<\/strong><\/span>. Ce qu\u2019on appelle en langage diplomatique appui aux r\u00e9formes, n\u2019est en fait qu\u2019un rappel de l\u2019urgence des r\u00e9formes \u00e0 mettre en place.<\/p>\n<p>L\u2019Allemagne, qui a \u00e9t\u00e9 prompte \u00e0 t\u00e9moigner \u00e0 la Tunisie de son soutien total \u00e0 la transition d\u00e9mocratique et lui accorder une aide financi\u00e8re significative, ne cesse d\u2019exhorter les d\u00e9cisionnaires \u00e0 convertir l\u2019\u00e9lan impuls\u00e9 depuis 2011 en dividendes pour la population. Un grand effort de r\u00e9forme est d\u2019urgence n\u00e9cessaire afin que les Tunisiens puissent ressentir concr\u00e8tement les effets positifs de la d\u00e9mocratie. D\u2019une m\u00eame voix, \u00e0 l\u2019instar de l\u2019Allemagne tous les partenaires sinc\u00e8res de la Tunisie le pensent et le recommandent.<\/p>\n<h2>Quel programme de gouvernement et quel calenderier des r\u00e9formes?<\/h2>\n<p>Ce message s\u2019adresse en fait aux partis politiques qui se pr\u00e9occupent davantage en ce moment de conqu\u00e9rir la pr\u00e9sidence du gouvernement et les minist\u00e8res, et se d\u00e9battent en interne, dans la d\u00e9termination de leurs titulaires, que de concevoir un programme commun de gouvernement. Jusqu\u2019\u00e0 pr\u00e9sent, hormis la surench\u00e8re des promesses \u00e9lectorales, pour la plupart populistes, aucun calendrier pr\u00e9cis des d\u00e9cisions \u00e0 prendre et des r\u00e9formes \u00e0 engager. Le message \u00e0 peine voil\u00e9 que portera le chef de la diplomatie allemande m\u00e9rite d\u2019\u00eatre entendu et pris en consid\u00e9ration.<\/p>\n<h2>Saied, Jhinaoui, la soci\u00e9t\u00e9 civile et les m\u00e9dias<\/h2>\n<p>Malgr\u00e9 l\u2019organisation ce dimanche des \u00e9lections r\u00e9gionales en Allemagne et d\u2019un agenda tr\u00e8s serr\u00e9, le ministre Heiko Maas, 53 ans, l\u2019un des leaders du parti social-d\u00e9mocrate (SPD), a tenu pour effectuer ce voyage \u00e0 Tunis, le premier qu\u2019il y entreprend depuis sa nomination \u00e0 la t\u00eate de la diplomatie allemande, le 14 mars 2018, dans le quatri\u00e8me (et probablement dernier) gouvernement de la Chanceli\u00e8re Angela Merkel. Pr\u00e9c\u00e9demment ministre f\u00e9d\u00e9ral de la Justice et de la Protection du Consommateur (2013- 2018), ce juriste aligne un long parcours au sein du SPD, occupant plusieurs postes dans le gouvernement de la Sarre, son land natal.<\/p>\n<p>Cette visite \u00e0 Tunis, malgr\u00e9 sa bri\u00e8vet\u00e9, est importante \u00e0 ses yeux, comme pour le gouvernement allemand, pour aussi prendre connaissance de la situation en Tunisie, rencontrer son nouveau pr\u00e9sident, et s\u2019entretenir avec son homologue Khemaies Jhinaoui, mais aussi discuter avec des repr\u00e9sentants de la soci\u00e9t\u00e9 civile. A peine d\u00e9barquant ce dimanche apr\u00e8s-midi \u00e0 Tunis, le ministre Heiko Maas, ira visiter une association \u00e0 Bhar Lazreg o\u00f9 il aura l\u2019occasion de rencontrer des membres d\u2019associations tunisiennes actives dans divers domaines.<\/p>\n<p>Lundi matin, \u00e0 l\u2019issue de l\u2019audience que lui accordera le chef de l\u2019Etat au palais de\u00a0carthage, il s\u2019entretiendra au si\u00e8ge du minist\u00e8re des Affaires \u00e9trang\u00e8res, avec le ministre Jhinaoui (et donneront ensemble une conf\u00e9rence de presse), puis quittera Tunis. Le chef de la diplomatie allemande sera accompagn\u00e9 au cours de cette visite par un groupe de journalistes repr\u00e9sentants de grands m\u00e9dias, croit savoir Leaders, d\u2019une source bien inform\u00e9e \u00e0 Berlin.<br \/>\u00a0<\/p>\n<p>Auteur:<br \/>\n<a href=\"https:\/\/www.leaders.com.tn\/article\/28278-les-trois-messages-de-l-allemagne-que-portera-le-ministre-des-affaires-etrangeres-heiko-maas-ce-lundi-a-kais-saied\">Cliquez ici pour lire l&rsquo;article depuis sa source.<\/a><\/p>\n","protected":false},"excerpt":{"rendered":"<p>Exclusif &#8211; Premier visiteur officiel \u00e0 \u00eatre re\u00e7u ce lundi matin \u00e0 Carthage, par le nouveau pr\u00e9sident de la R\u00e9publique, Kais Saied, depuis son investiture, lle ministre allemand des Affaires \u00e9trang\u00e8res, Heiki Maas, est dans un d\u00e9placement tr\u00e8s sp\u00e9cial. F\u00e9licitations, soutien et appui aux r\u00e9formes urgentes seraient, selon des sources bien infirm\u00e9es \u00e0 Berlin, les [&hellip;]<\/p>\n","protected":false},"author":1772,"featured_media":0,"comment_status":"closed","ping_status":"closed","sticky":false,"template":"","format":"standard","meta":{"fifu_image_url":"","fifu_image_alt":"","footnotes":""},"categories":[73,55],"tags":[],"class_list":["post-65716","post","type-post","status-publish","format-standard","hentry","category-actualite","category-tunisie"],"_links":{"self":[{"href":"https:\/\/linitiative.ca\/International\/wp-json\/wp\/v2\/posts\/65716","targetHints":{"allow":["GET"]}}],"collection":[{"href":"https:\/\/linitiative.ca\/International\/wp-json\/wp\/v2\/posts"}],"about":[{"href":"https:\/\/linitiative.ca\/International\/wp-json\/wp\/v2\/types\/post"}],"author":[{"embeddable":true,"href":"https:\/\/linitiative.ca\/International\/wp-json\/wp\/v2\/users\/1772"}],"replies":[{"embeddable":true,"href":"https:\/\/linitiative.ca\/International\/wp-json\/wp\/v2\/comments?post=65716"}],"version-history":[{"count":0,"href":"https:\/\/linitiative.ca\/International\/wp-json\/wp\/v2\/posts\/65716\/revisions"}],"wp:attachment":[{"href":"https:\/\/linitiative.ca\/International\/wp-json\/wp\/v2\/media?parent=65716"}],"wp:term":[{"taxonomy":"category","embeddable":true,"href":"https:\/\/linitiative.ca\/International\/wp-json\/wp\/v2\/categories?post=65716"},{"taxonomy":"post_tag","embeddable":true,"href":"https:\/\/linitiative.ca\/International\/wp-json\/wp\/v2\/tags?post=65716"}],"curies":[{"name":"wp","href":"https:\/\/api.w.org\/{rel}","templated":true}]}}