{"id":65717,"date":"2019-10-27T11:11:00","date_gmt":"2019-10-27T15:11:00","guid":{"rendered":"https:\/\/linitiative.ca\/International\/trump-annoncant-la-mort-de-baghdadi-lors-dun-raid-americain-il-est-mort-en-lache\/"},"modified":"2019-10-27T11:11:00","modified_gmt":"2019-10-27T15:11:00","slug":"trump-annoncant-la-mort-de-baghdadi-lors-dun-raid-americain-il-est-mort-en-lache","status":"publish","type":"post","link":"https:\/\/linitiative.ca\/International\/trump-annoncant-la-mort-de-baghdadi-lors-dun-raid-americain-il-est-mort-en-lache\/","title":{"rendered":"Trump annon\u00e7ant la mort de Baghdadi lors d&rsquo;un raid am\u00e9ricain : \u00ab\u00a0il est mort en l\u00e2che\u00a0\u00bb"},"content":{"rendered":"<p>Donald Trump a confirm\u00e9 ce dimanche la liquidation du chef de daech en Syrie lors d\u2019un raid de l\u2019arm\u00e9e am\u00e9ricaine dans la nuit.\u00a0\u00bb Nous avons pu v\u00e9rifier son ADN bien que son corps a \u00e9t\u00e9 d\u00e9chiquet\u00e9 apr\u00e8s qu&rsquo;il se soit fait exploser.<br \/>\u00ab Il n\u2019est pas mort comme un h\u00e9ros, mais comme un l\u00e2che \u00bb a pr\u00e9cis\u00e9 le chef de la Maison blanche.<br \/>\u00a0<\/p>\n<p>Auteur:<br \/>\n<a href=\"https:\/\/www.leaders.com.tn\/article\/28279-trump-annoncant-la-mort-de-baghdadi-lors-d-un-raid-americain-il-est-mort-en-lache\">Cliquez ici pour lire l&rsquo;article depuis sa source.<\/a><\/p>\n","protected":false},"excerpt":{"rendered":"<p>Donald Trump a confirm\u00e9 ce dimanche la liquidation du chef de daech en Syrie lors d\u2019un raid de l\u2019arm\u00e9e am\u00e9ricaine dans la nuit.\u00a0\u00bb Nous avons pu v\u00e9rifier son ADN bien que son corps a \u00e9t\u00e9 d\u00e9chiquet\u00e9 apr\u00e8s qu&rsquo;il se soit fait exploser.\u00ab Il n\u2019est pas mort comme un h\u00e9ros, mais comme un l\u00e2che \u00bb a [&hellip;]<\/p>\n","protected":false},"author":1772,"featured_media":0,"comment_status":"closed","ping_status":"closed","sticky":false,"template":"","format":"standard","meta":{"fifu_image_url":"","fifu_image_alt":"","footnotes":""},"categories":[73,55],"tags":[],"class_list":["post-65717","post","type-post","status-publish","format-standard","hentry","category-actualite","category-tunisie"],"_links":{"self":[{"href":"https:\/\/linitiative.ca\/International\/wp-json\/wp\/v2\/posts\/65717","targetHints":{"allow":["GET"]}}],"collection":[{"href":"https:\/\/linitiative.ca\/International\/wp-json\/wp\/v2\/posts"}],"about":[{"href":"https:\/\/linitiative.ca\/International\/wp-json\/wp\/v2\/types\/post"}],"author":[{"embeddable":true,"href":"https:\/\/linitiative.ca\/International\/wp-json\/wp\/v2\/users\/1772"}],"replies":[{"embeddable":true,"href":"https:\/\/linitiative.ca\/International\/wp-json\/wp\/v2\/comments?post=65717"}],"version-history":[{"count":0,"href":"https:\/\/linitiative.ca\/International\/wp-json\/wp\/v2\/posts\/65717\/revisions"}],"wp:attachment":[{"href":"https:\/\/linitiative.ca\/International\/wp-json\/wp\/v2\/media?parent=65717"}],"wp:term":[{"taxonomy":"category","embeddable":true,"href":"https:\/\/linitiative.ca\/International\/wp-json\/wp\/v2\/categories?post=65717"},{"taxonomy":"post_tag","embeddable":true,"href":"https:\/\/linitiative.ca\/International\/wp-json\/wp\/v2\/tags?post=65717"}],"curies":[{"name":"wp","href":"https:\/\/api.w.org\/{rel}","templated":true}]}}