{"id":65718,"date":"2019-10-27T06:00:00","date_gmt":"2019-10-27T10:00:00","guid":{"rendered":"https:\/\/linitiative.ca\/International\/leonard-superstar\/"},"modified":"2019-10-27T06:00:00","modified_gmt":"2019-10-27T10:00:00","slug":"leonard-superstar","status":"publish","type":"post","link":"https:\/\/linitiative.ca\/International\/leonard-superstar\/","title":{"rendered":"L\u00e9onard superstar"},"content":{"rendered":"<p><a href=\"\/profil\/slimane-laouari\"\/><\/p>\n<p class=\"type-text\">Constances<\/p>\n<p class=\"author-date\"><a href=\"\/profil\/slimane-laouari\"><strong>Slimane Laouari<\/strong><\/a> &#8211; 27\/10\/2019<\/p>\n<p><a href=\"\/constances\/la-journee-de-larbre-qui-cache-la-foret-32542\"\/><\/p>\n<p class=\"title-text\">La journ\u00e9e de l\u2019arbre\u2026 qui cache la for\u00eat<\/p>\n<p><a href=\"\/constances\/la-journee-de-larbre-qui-cache-la-foret-32542\"\/><\/p>\n<p class=\"paragraph\">Avant-hier, c\u2019\u00e9tait la \u00ab journ\u00e9e de l\u2019Arbre \u00bb. Evidemment, comme \u00e0 l\u2019occasion de toutes les journ\u00e9es internationales de quelque chose, les autorit\u00e9s ont tenu \u00e0 nous<\/p>\n<p>Auteur:<br \/>\n<a href=\"https:\/\/www.lesoirdalgerie.com\/culture\/leonard-superstar-32513\">Cliquez ici pour lire l&rsquo;article depuis sa source.<\/a><\/p>\n","protected":false},"excerpt":{"rendered":"<p>Constances Slimane Laouari &#8211; 27\/10\/2019 La journ\u00e9e de l\u2019arbre\u2026 qui cache la for\u00eat Avant-hier, c\u2019\u00e9tait la \u00ab journ\u00e9e de l\u2019Arbre \u00bb. Evidemment, comme \u00e0 l\u2019occasion de toutes les journ\u00e9es internationales de quelque chose, les autorit\u00e9s ont tenu \u00e0 nous Auteur: Cliquez ici pour lire l&rsquo;article depuis sa source.<\/p>\n","protected":false},"author":1741,"featured_media":0,"comment_status":"closed","ping_status":"closed","sticky":false,"template":"","format":"standard","meta":{"fifu_image_url":"","fifu_image_alt":"","footnotes":""},"categories":[73,53],"tags":[],"class_list":["post-65718","post","type-post","status-publish","format-standard","hentry","category-actualite","category-algerie"],"_links":{"self":[{"href":"https:\/\/linitiative.ca\/International\/wp-json\/wp\/v2\/posts\/65718","targetHints":{"allow":["GET"]}}],"collection":[{"href":"https:\/\/linitiative.ca\/International\/wp-json\/wp\/v2\/posts"}],"about":[{"href":"https:\/\/linitiative.ca\/International\/wp-json\/wp\/v2\/types\/post"}],"author":[{"embeddable":true,"href":"https:\/\/linitiative.ca\/International\/wp-json\/wp\/v2\/users\/1741"}],"replies":[{"embeddable":true,"href":"https:\/\/linitiative.ca\/International\/wp-json\/wp\/v2\/comments?post=65718"}],"version-history":[{"count":0,"href":"https:\/\/linitiative.ca\/International\/wp-json\/wp\/v2\/posts\/65718\/revisions"}],"wp:attachment":[{"href":"https:\/\/linitiative.ca\/International\/wp-json\/wp\/v2\/media?parent=65718"}],"wp:term":[{"taxonomy":"category","embeddable":true,"href":"https:\/\/linitiative.ca\/International\/wp-json\/wp\/v2\/categories?post=65718"},{"taxonomy":"post_tag","embeddable":true,"href":"https:\/\/linitiative.ca\/International\/wp-json\/wp\/v2\/tags?post=65718"}],"curies":[{"name":"wp","href":"https:\/\/api.w.org\/{rel}","templated":true}]}}