{"id":65719,"date":"2019-10-27T06:00:00","date_gmt":"2019-10-27T10:00:00","guid":{"rendered":"https:\/\/linitiative.ca\/International\/un-riche-programme-en-vue\/"},"modified":"2019-10-27T06:00:00","modified_gmt":"2019-10-27T10:00:00","slug":"un-riche-programme-en-vue","status":"publish","type":"post","link":"https:\/\/linitiative.ca\/International\/un-riche-programme-en-vue\/","title":{"rendered":"Un riche programme en vue"},"content":{"rendered":"<p>La direction de la culture organisera du 30 octobre au 2 novembre prochain la manifestation du th\u00e9\u00e2tre de rue pour les enfants qui aura lieu dans certains endroits de la commune de Jijel en pr\u00e9vision de la c\u00e9l\u00e9bration du 65e anniversaire de la guerre de Lib\u00e9ration nationale, a-t-on appris aupr\u00e8s de la directrice de la culture Salima Gaoua.<br \/>La m\u00eame responsable a ajout\u00e9 que le programme de cette c\u00e9l\u00e9bration comporte un certain nombre d\u2019actions citant entre autres une exposition du livre r\u00e9volutionnaire, un concours intellectuel pour les enfants, ainsi que le premier num\u00e9ro du caf\u00e9 litt\u00e9raire de Jijel dont l\u2019invit\u00e9e sera l\u2019\u00e9crivaine et journaliste alg\u00e9rienne \u00e9tabli au Emirat arabes unis Amel Bachiri qui pr\u00e9sentera son dernier roman les chauve- souris de Picasso.<br \/>Salima Gaoua a tenu \u00e0 pr\u00e9ciser que les spectacles du th\u00e9\u00e2tre de rue auront lieu dans les cit\u00e9s 400 et 168-Logements, la cit\u00e9 mitoyenne \u00e0 la cit\u00e9 administrative, la cit\u00e9 Mezghiten en vue de toucher un grand nombre d\u2019enfants qui seront en vacances.<br \/>Le programme pr\u00e9voit \u00e9galement la tenue d\u2019une caravane des responsables des biblioth\u00e8ques communales qui partira de Jijel en direction du Salon international du livre d\u2019Alger les 6 et 7 novembre prochain.<br \/>B. M. C.<\/p>\n<p>Auteur:<br \/>\n<a href=\"https:\/\/www.lesoirdalgerie.com\/culture\/un-riche-programme-en-vue-32512\">Cliquez ici pour lire l&rsquo;article depuis sa source.<\/a><\/p>\n","protected":false},"excerpt":{"rendered":"<p>La direction de la culture organisera du 30 octobre au 2 novembre prochain la manifestation du th\u00e9\u00e2tre de rue pour les enfants qui aura lieu dans certains endroits de la commune de Jijel en pr\u00e9vision de la c\u00e9l\u00e9bration du 65e anniversaire de la guerre de Lib\u00e9ration nationale, a-t-on appris aupr\u00e8s de la directrice de la [&hellip;]<\/p>\n","protected":false},"author":1741,"featured_media":0,"comment_status":"closed","ping_status":"closed","sticky":false,"template":"","format":"standard","meta":{"fifu_image_url":"","fifu_image_alt":"","footnotes":""},"categories":[73,53],"tags":[],"class_list":["post-65719","post","type-post","status-publish","format-standard","hentry","category-actualite","category-algerie"],"_links":{"self":[{"href":"https:\/\/linitiative.ca\/International\/wp-json\/wp\/v2\/posts\/65719","targetHints":{"allow":["GET"]}}],"collection":[{"href":"https:\/\/linitiative.ca\/International\/wp-json\/wp\/v2\/posts"}],"about":[{"href":"https:\/\/linitiative.ca\/International\/wp-json\/wp\/v2\/types\/post"}],"author":[{"embeddable":true,"href":"https:\/\/linitiative.ca\/International\/wp-json\/wp\/v2\/users\/1741"}],"replies":[{"embeddable":true,"href":"https:\/\/linitiative.ca\/International\/wp-json\/wp\/v2\/comments?post=65719"}],"version-history":[{"count":0,"href":"https:\/\/linitiative.ca\/International\/wp-json\/wp\/v2\/posts\/65719\/revisions"}],"wp:attachment":[{"href":"https:\/\/linitiative.ca\/International\/wp-json\/wp\/v2\/media?parent=65719"}],"wp:term":[{"taxonomy":"category","embeddable":true,"href":"https:\/\/linitiative.ca\/International\/wp-json\/wp\/v2\/categories?post=65719"},{"taxonomy":"post_tag","embeddable":true,"href":"https:\/\/linitiative.ca\/International\/wp-json\/wp\/v2\/tags?post=65719"}],"curies":[{"name":"wp","href":"https:\/\/api.w.org\/{rel}","templated":true}]}}