{"id":65723,"date":"2019-10-27T08:05:26","date_gmt":"2019-10-27T12:05:26","guid":{"rendered":"https:\/\/linitiative.ca\/International\/donald-trump-confirme-la-mort-dal-baghdadi\/"},"modified":"2019-10-27T08:05:26","modified_gmt":"2019-10-27T12:05:26","slug":"donald-trump-confirme-la-mort-dal-baghdadi","status":"publish","type":"post","link":"https:\/\/linitiative.ca\/International\/donald-trump-confirme-la-mort-dal-baghdadi\/","title":{"rendered":"Donald Trump confirme la mort d\u2019al-Baghdadi"},"content":{"rendered":"<p><strong>Le pr\u00e9sident Donald Trump a annonc\u00e9, en d\u00e9but de cet apr\u00e8s-midi, la mort du chef du groupe terroriste \u00ab\u00a0Etat islamique\u00a0\u00bb, Abu Bakr al-Baghdadi, suite \u00e0 une op\u00e9ration militaire am\u00e9ricaine dans le nord-ouest de la Syrie.<\/strong><\/p>\n<div class=\"c10\"\/>\n<p>\u00ab\u00a0Abu Bakr al-Baghdadi est mort\u00a0\u00bb, a d\u00e9clar\u00e9 le pr\u00e9sident Trump, dans un discours \u00e0 la nation diffus\u00e9 par les chaines de t\u00e9l\u00e9visions am\u00e9ricaines. L\u2019op\u00e9ration a \u00e9t\u00e9 men\u00e9e par un commando des forces sp\u00e9ciales am\u00e9ricaines, a pr\u00e9cis\u00e9 M. Trump.<\/p>\n<p>Les forces sp\u00e9ciales de d\u2019arm\u00e9e am\u00e9ricaine avaient men\u00e9 dans la nuit du\u00a0samedi\u00a0un raid ciblant, Abou Bakr al-Baghdadi, chef du groupe terroriste\u00a0de l\u2019\u00c9tat islamique (Daech). L\u2019information a \u00e9t\u00e9 donn\u00e9e t\u00f4t ce dimanche\u00a0matin, d\u2019abord par le site du magazine <a href=\"https:\/\/www.newsweek.com\/trump-approves-special-ops-raid-targeting-isis-leader-baghdadi-1467982\">Newsweek<\/a> relay\u00e9e par la suite par les m\u00e9dias am\u00e9ricains et internationaux. Citant deux hauts responsables du \u00a0Pentagone et de l\u2019op\u00e9ration ultra-secr\u00e8te visait Idlib, dernier bastion dans le nord-ouest de la Syrie o\u00f9 s\u2019\u00e9tait r\u00e9fugi\u00e9 al-Baghdadi.<\/p>\n<p>Un responsable de l\u2019arm\u00e9e\u00a0a affirm\u00e9 qu\u2019al-Baghdadi avait \u00e9t\u00e9 tu\u00e9 lors du raid, mais des v\u00e9rifications suppl\u00e9mentaires avec des tests ADN et biom\u00e9triques sont en cours pour s\u2019assurer de la mort du terroriste en chef.\u00a0<\/p>\n<p>Le haut responsable du Pentagone a d\u00e9clar\u00e9 aux m\u00e9dias am\u00e9ricains qu\u2019il y a\u00a0eu un bref \u00e9change de coups de feu lorsque les forces am\u00e9ricaines \u00e9taient entr\u00e9es dans l\u2019enceinte et qu\u2019al-Baghdadi s\u2019\u00e9tait ensuite tu\u00e9 en faisant exploser sa ceinture avec laquelle il dormait toujours. Les membres de la famille \u00e9taient pr\u00e9sents. Selon des sources du Pentagone, aucun enfant du terroriste\u00a0n\u2019a \u00e9t\u00e9 bless\u00e9 au cours du raid, mais\u00a0ses deux femmes\u00a0ont \u00e9t\u00e9 tu\u00e9es apr\u00e8s en faisant exploser leurs explosifs.<\/p>\n<p>Des membres de l\u2019\u00e9quipe Delta du Commandement des op\u00e9rations sp\u00e9ciales conjointes ont men\u00e9 cette op\u00e9ration de haut niveau apr\u00e8s avoir re\u00e7u des informations d\u00e9cisives fournies notamment par la CIA qui a aid\u00e9 \u00e0 sa localisation. Le refuge d\u2019al-Baghdadi\u00a0\u00e9tait sous surveillance depuis un certain temps.<\/p>\n<p>Samedi soir, apr\u00e8s la fin de l\u2019op\u00e9ration, le pr\u00e9sident Trump, fid\u00e8le \u00e0 sa mani\u00e8re,\u00a0a <a href=\"http:\/\/Donald%20J.%20Trump%20on%20Twitter\">tweet\u00e9<\/a>\u00a0: \u00ab\u00a0Quelque chose de tr\u00e8s grand vient de se passer!\u00a0\u00bb.<\/p>\n<div class=\"wp-block-embed__wrapper\">\n<blockquote class=\"twitter-tweet\" data-width=\"550\" data-dnt=\"true\">\n<p lang=\"fr\" dir=\"ltr\">Une conf\u00e9rence de presse de Donald <a href=\"https:\/\/twitter.com\/hashtag\/Trump?src=hash&#038;ref_src=twsrc%5Etfw\">#Trump<\/a> ne serait pas une conf\u00e9rence de Donald Trump sans un petit ego boost.<\/p>\n<p>En plein milieu de sa conf\u00e9rence de presse, Trump dit que les terroristes de Daech \u201cutilisent internet mieux que personne sauf Donald Trump\u201d<\/p>\n<p><a href=\"https:\/\/t.co\/QSSrdEZpFO\">pic.twitter.com\/QSSrdEZpFO<\/a><\/p>\n<p>\u2014 Antoine Llorca \u2b50\ufe0f\u2b50\ufe0f (@antoinellorca) <a href=\"https:\/\/twitter.com\/antoinellorca\/status\/1188453552815071233?ref_src=twsrc%5Etfw\">October 27, 2019<\/a><\/p><\/blockquote>\n<\/div>\n<p>Il s\u2019agit de la plus importante op\u00e9ration visant un haut responsable terroriste depuis la mort, le 2 mai 2011, d\u2019Oussama Ben Laden, le chef d\u2019Al-Qa\u00efda tu\u00e9 par les forces sp\u00e9ciales am\u00e9ricaines au Pakistan.<\/p>\n<div class=\"c17\">\n<fieldset class=\"c16\">\n<legend><strong><span class=\"c11\">Challenge<\/span><span class=\"c12\">news<\/span><\/strong><\/legend>\n<div class=\"c15\">Le meilleur de la r\u00e9daction s\u00e9lectionn\u00e9 par Challenge :<\/p>\n<\/div>\n<\/fieldset>\n<\/div>\n<p>Auteur: Noureddine Boughanmi<br \/>\n<a href=\"https:\/\/www.challenge.ma\/abou-bakr-al-baghdadi-aurait-ete-tue-par-larmee-americaine-121490\/\">Cliquez ici pour lire l&rsquo;article depuis sa source.<\/a><\/p>\n","protected":false},"excerpt":{"rendered":"<p>Le pr\u00e9sident Donald Trump a annonc\u00e9, en d\u00e9but de cet apr\u00e8s-midi, la mort du chef du groupe terroriste \u00ab\u00a0Etat islamique\u00a0\u00bb, Abu Bakr al-Baghdadi, suite \u00e0 une op\u00e9ration militaire am\u00e9ricaine dans le nord-ouest de la Syrie. \u00ab\u00a0Abu Bakr al-Baghdadi est mort\u00a0\u00bb, a d\u00e9clar\u00e9 le pr\u00e9sident Trump, dans un discours \u00e0 la nation diffus\u00e9 par les chaines [&hellip;]<\/p>\n","protected":false},"author":1787,"featured_media":0,"comment_status":"closed","ping_status":"closed","sticky":false,"template":"","format":"standard","meta":{"fifu_image_url":"","fifu_image_alt":"","footnotes":""},"categories":[78,54],"tags":[],"class_list":["post-65723","post","type-post","status-publish","format-standard","hentry","category-economie","category-maroc"],"_links":{"self":[{"href":"https:\/\/linitiative.ca\/International\/wp-json\/wp\/v2\/posts\/65723","targetHints":{"allow":["GET"]}}],"collection":[{"href":"https:\/\/linitiative.ca\/International\/wp-json\/wp\/v2\/posts"}],"about":[{"href":"https:\/\/linitiative.ca\/International\/wp-json\/wp\/v2\/types\/post"}],"author":[{"embeddable":true,"href":"https:\/\/linitiative.ca\/International\/wp-json\/wp\/v2\/users\/1787"}],"replies":[{"embeddable":true,"href":"https:\/\/linitiative.ca\/International\/wp-json\/wp\/v2\/comments?post=65723"}],"version-history":[{"count":0,"href":"https:\/\/linitiative.ca\/International\/wp-json\/wp\/v2\/posts\/65723\/revisions"}],"wp:attachment":[{"href":"https:\/\/linitiative.ca\/International\/wp-json\/wp\/v2\/media?parent=65723"}],"wp:term":[{"taxonomy":"category","embeddable":true,"href":"https:\/\/linitiative.ca\/International\/wp-json\/wp\/v2\/categories?post=65723"},{"taxonomy":"post_tag","embeddable":true,"href":"https:\/\/linitiative.ca\/International\/wp-json\/wp\/v2\/tags?post=65723"}],"curies":[{"name":"wp","href":"https:\/\/api.w.org\/{rel}","templated":true}]}}