{"id":65745,"date":"2019-10-28T10:30:20","date_gmt":"2019-10-28T14:30:20","guid":{"rendered":"https:\/\/linitiative.ca\/International\/les-27emes-semaines-du-film-europeen-au-maroc-du-11-novembre-au-3-decembre-8-longs-metrages-et-3-courts-du-sud-de-la-mediterranee-programmes\/"},"modified":"2019-10-28T10:30:20","modified_gmt":"2019-10-28T14:30:20","slug":"les-27emes-semaines-du-film-europeen-au-maroc-du-11-novembre-au-3-decembre-8-longs-metrages-et-3-courts-du-sud-de-la-mediterranee-programmes","status":"publish","type":"post","link":"https:\/\/linitiative.ca\/International\/les-27emes-semaines-du-film-europeen-au-maroc-du-11-novembre-au-3-decembre-8-longs-metrages-et-3-courts-du-sud-de-la-mediterranee-programmes\/","title":{"rendered":"Les 27\u00e8mes semaines du film europ\u00e9en au Maroc  du 11 novembre au 3 d\u00e9cembre : 8 longs-m\u00e9trages et 3 courts du sud de la M\u00e9diterran\u00e9e programm\u00e9s"},"content":{"rendered":"<p><img decoding=\"async\" class=\"post_layout_5_img\" src=\"http:\/\/aujourdhui.ma\/wp-content\/uploads\/2019\/10\/Cinema-film-production.jpg?x29840\" alt=\"Les 27\u00e8mes semaines du film europ\u00e9en au Maroc du 11 novembre au 3 d\u00e9cembre : 8 longs-m\u00e9trages et 3 courts du sud de la M\u00e9diterran\u00e9e programm\u00e9s\"\/><\/p>\n<p class=\"p1\"><span class=\"s1\"><span class=\"c4\"><strong>Les 27\u00e8me Semaines du film europ\u00e9en au Maroc, pr\u00e9vues du 11 novembre au 3 d\u00e9cembre \u00e0 Marrakech, Casablanca, Tanger et Rabat, sont marqu\u00e9es par la programmation de 8 longs \u2013 m\u00e9trages.<\/strong><\/span><\/span> <span id=\"more-321567\"\/><\/p>\n<p class=\"p1\"><span class=\"s1\"><em>\u00abCes films ont \u00e9t\u00e9 s\u00e9lectionn\u00e9s et\/ou prim\u00e9s dans les festivals et les manifestations cin\u00e9matographiques internationales les plus prestigieuses\u00bb<\/em>, pr\u00e9cisent les initiateurs qui indiquent que la programmation comprend \u00e9galement 3 courts \u2013 m\u00e9trages du sud de la M\u00e9diterran\u00e9e. A propos de cet \u00e9v\u00e9nement, Claudia Wiedey, ambassadrice de l\u2019Union europ\u00e9enne au Maroc, d\u00e9clare : <em>\u00abSi nos Semaines du film europ\u00e9en ont su attirer de plus en plus de spectateurs \u00e0 Rabat, Casablanca, Marrakech et Tanger, c\u2019est en raison de l\u2019exigence de qualit\u00e9 qui a toujours guid\u00e9 notre volont\u00e9 de pr\u00e9senter chaque ann\u00e9e le meilleur du cin\u00e9ma europ\u00e9en\u00bb<\/em>. En d\u00e9tail, la star Catherine Deneuve enchantera, en ouverture, les spectateurs dans \u00abLa V\u00e9rit\u00e9\u00bb de Hirokazu Kore-Eda, o\u00f9 elle incarne brillamment une actrice c\u00e9l\u00e8bre vieillissante \u00e0 la langue tranchante et au verbe haut. Pr\u00e9sent\u00e9 au dernier Festival de Venise, le film r\u00e9unit autour de l\u2019ic\u00f4ne fran\u00e7aise la grande Juliette Binoche,<span class=\"Apple-converted-space\">\u00a0<\/span> Ethan Hawke et Ludivine Sagnier.<\/span><\/p>\n<p class=\"p1\"><span class=\"s1\">Selon la m\u00eame source, cette \u00e9dition sera \u00e9galement l\u2019occasion de retrouver le grand ma\u00eetre du cin\u00e9ma social, Ken Loach, qui revient cette fois-ci avec un drame au sujet tr\u00e8s actuel : l\u2019ub\u00e9risation des soci\u00e9t\u00e9s. Centr\u00e9 sur le quotidien incertain d\u2019une famille,<span class=\"Apple-converted-space\">\u00a0<\/span> \u00abSorry we missed you\u00bb est une \u0153uvre politique forte et bouleversante qui a conquis le public du Festival de Cannes, o\u00f9 il a \u00e9t\u00e9 pr\u00e9sent\u00e9 en mai dernier. Choisi par l\u2019Italie pour la repr\u00e9senter aux Oscars, \u00abLe Tra\u00eetre\u00bb de Marco Bellocchio est une fresque fascinante sur la mafia, bas\u00e9e sur des faits r\u00e9els, qui marque le retour en fanfare de l\u2019un des plus importants cin\u00e9astes europ\u00e9ens de notre \u00e9poque.<\/span><\/p>\n<p class=\"p1\"><span class=\"s1\">Aussi \u00abAdults in the room\u00bb du l\u00e9gendaire Costa Gavras qui a adapt\u00e9 pour l\u2019occasion le best-seller de Yanis Varoufakis, est un autre temps fort de cette \u00e9dition. Il plonge de mani\u00e8re captivante dans les coulisses du pouvoir. Au sommet de son art, Costa Gavras livre une \u00e9tude au scalpel et une r\u00e9flexion profonde sur la crise grecque. Il sera aussi question de politique dans \u00abEl Reino\u00bb de Rodrigo Sorogoyen, qui a rafl\u00e9 pas moins de 7 statuettes \u00e0 la derni\u00e8re c\u00e9r\u00e9monie des Goya en Espagne, dont celles de meilleur r\u00e9alisateur et de meilleur acteur. Un thriller politique haletant qui impose Sorogoyen comme l\u2019un des cin\u00e9astes majeurs de la p\u00e9ninsule ib\u00e9rique.<\/span><\/p>\n<p class=\"p1\"><span class=\"s1\">Et ce n\u2019est pas tout ! Une belle surprise viendra du Danemark : premier film de son auteur, \u00abThe Guilty\u00bb est aussi un thriller d\u2019une \u00e9tonnante ma\u00eetrise. Une exp\u00e9rience immersive et magistrale au sein des urgences de la police.\u00a0<\/span><\/p>\n<p class=\"p1\"><span class=\"s1\">Aussi, \u00abA White, White Day\u00bb, une co-production su\u00e9doise r\u00e9alis\u00e9e par Hlynur Palmason, est un film tr\u00e8s singulier sur le deuil et la vengeance. Il a obtenu le Prix de la R\u00e9v\u00e9lation lors de la derni\u00e8re Semaine internationale de la critique \u00e0 Cannes. Laur\u00e9at du prix Alfred Bauer au dernier festival de Berlin o\u00f9 il \u00e9tait pr\u00e9sent\u00e9 en comp\u00e9tition, \u00abBenni\u00bb de Nora Fingscheidt est un drame bouleversant sur une enfance d\u00e9glingu\u00e9e. Le film a r\u00e9cemment \u00e9t\u00e9 choisi par l\u2019Allemagne pour la repr\u00e9senter aux Oscars.<\/span><\/p>\n<p class=\"p1\"><span class=\"s1\">Quant aux 3 courts m\u00e9trages du sud de la M\u00e9diterran\u00e9e, ils ont pour toile de fond le Maghreb : \u00abBab Sebta\u00bb de Randa Maroufi ; \u00abLes past\u00e8ques du Cheikh\u00bb de Kaouther Ben Hania et \u00abNefta Football Club\u00bb de Yves Piat.<\/span><\/p>\n<p>Auteur: ALM<br \/>\n<a href=\"http:\/\/aujourdhui.ma\/culture\/cinema\/les-27emes-semaines-du-film-europeen-au-maroc-du-11-novembre-au-3-decembre-8-longs-metrages-et-3-courts-du-sud-de-la-mediterranee-programmes\">Cliquez ici pour lire l&rsquo;article depuis sa source.<\/a><\/p>\n","protected":false},"excerpt":{"rendered":"<p>Les 27\u00e8me Semaines du film europ\u00e9en au Maroc, pr\u00e9vues du 11 novembre au 3 d\u00e9cembre \u00e0 Marrakech, Casablanca, Tanger et Rabat, sont marqu\u00e9es par la programmation de 8 longs \u2013 m\u00e9trages. \u00abCes films ont \u00e9t\u00e9 s\u00e9lectionn\u00e9s et\/ou prim\u00e9s dans les festivals et les manifestations cin\u00e9matographiques internationales les plus prestigieuses\u00bb, pr\u00e9cisent les initiateurs qui indiquent que [&hellip;]<\/p>\n","protected":false},"author":1759,"featured_media":0,"comment_status":"closed","ping_status":"closed","sticky":false,"template":"","format":"standard","meta":{"fifu_image_url":"","fifu_image_alt":"","footnotes":""},"categories":[73,54],"tags":[],"class_list":["post-65745","post","type-post","status-publish","format-standard","hentry","category-actualite","category-maroc"],"_links":{"self":[{"href":"https:\/\/linitiative.ca\/International\/wp-json\/wp\/v2\/posts\/65745","targetHints":{"allow":["GET"]}}],"collection":[{"href":"https:\/\/linitiative.ca\/International\/wp-json\/wp\/v2\/posts"}],"about":[{"href":"https:\/\/linitiative.ca\/International\/wp-json\/wp\/v2\/types\/post"}],"author":[{"embeddable":true,"href":"https:\/\/linitiative.ca\/International\/wp-json\/wp\/v2\/users\/1759"}],"replies":[{"embeddable":true,"href":"https:\/\/linitiative.ca\/International\/wp-json\/wp\/v2\/comments?post=65745"}],"version-history":[{"count":0,"href":"https:\/\/linitiative.ca\/International\/wp-json\/wp\/v2\/posts\/65745\/revisions"}],"wp:attachment":[{"href":"https:\/\/linitiative.ca\/International\/wp-json\/wp\/v2\/media?parent=65745"}],"wp:term":[{"taxonomy":"category","embeddable":true,"href":"https:\/\/linitiative.ca\/International\/wp-json\/wp\/v2\/categories?post=65745"},{"taxonomy":"post_tag","embeddable":true,"href":"https:\/\/linitiative.ca\/International\/wp-json\/wp\/v2\/tags?post=65745"}],"curies":[{"name":"wp","href":"https:\/\/api.w.org\/{rel}","templated":true}]}}