{"id":65747,"date":"2019-10-28T06:06:27","date_gmt":"2019-10-28T10:06:27","guid":{"rendered":"https:\/\/linitiative.ca\/International\/bcij-le-septieme-element-arrete-a-douar-mkanssa-a-casablanca\/"},"modified":"2019-10-28T06:06:27","modified_gmt":"2019-10-28T10:06:27","slug":"bcij-le-septieme-element-arrete-a-douar-mkanssa-a-casablanca","status":"publish","type":"post","link":"https:\/\/linitiative.ca\/International\/bcij-le-septieme-element-arrete-a-douar-mkanssa-a-casablanca\/","title":{"rendered":"BCIJ: le septi\u00e8me \u00e9l\u00e9ment arr\u00eat\u00e9 \u00e0 Douar Mkanssa \u00e0 Casablanca"},"content":{"rendered":"<p class=\"has-text-color has-vivid-cyan-blue-color\"><strong><br \/>Le septi\u00e8me \u00e9l\u00e9ment membre de la cellule terroriste li\u00e9e \u00e0 l\u2019Organisation dite \u00ab\u00a0Etat islamique\u00a0\u00bb d\u00e9mantel\u00e9e, vendredi, dans la localit\u00e9 de Tamaris (banlieue de Casablanca), Ouezzane et Chefchaouen, a \u00e9t\u00e9 arr\u00eat\u00e9, le jour m\u00eame, \u00e0 Douar Mkanssa \u00e0 Ain Chock (Casablanca), par le Bureau central d\u2019investigations judiciaires (BCIJ) relevant de la Direction g\u00e9n\u00e9rale de la surveillance du territoire (DGST).<\/strong><\/p>\n<p>Un communiqu\u00e9 du BCIJ pr\u00e9cise que cette arrestation s\u2019inscrit dans le cadre des investigations men\u00e9es sur fond du d\u00e9mant\u00e8lement de cette cellule terroriste dont les membres planifiaient de perp\u00e9trer une s\u00e9rie d\u2019op\u00e9rations terroristes imminentes visant des infrastructures sensibles et des sites strat\u00e9giques, et ce, apr\u00e8s avoir men\u00e9 des op\u00e9rations de surveillance et de reconnaissance de ces cibles.<\/p>\n<div class=\"wp-block-image\"><img loading=\"lazy\" decoding=\"async\" src=\"http:\/\/albayane.press.ma\/wp-content\/uploads\/Abou-Bakr.jpg\" alt=\"\" class=\"wp-image-82460\" width=\"508\" height=\"302\"\/>Abou Bakr Al Baghdadi, chef de Daech<\/div>\n<p>L\u2019enqu\u00eate a \u00e9galement r\u00e9v\u00e9l\u00e9 que le chef de file de la cellule et deux de ses membres avaient enregistr\u00e9 deux vid\u00e9os dans lesquelles ils pr\u00eataient all\u00e9geance au chef de \u00ab\u00a0Daech\u00a0\u00bb et mena\u00e7aient de commettre des op\u00e9rations terroristes dans le Royaume dans la perspective de la proclamation d\u2019une wilaya affili\u00e9e \u00e0 l\u2019organisation terroriste, sous l\u2019appellation \u00ab\u00a0La Wilaya de Daech dans le Maghreb Islamique\u00a0\u00bb.<\/p>\n<p>Rappelons que le BCIJ) relevant avait r\u00e9v\u00e9l\u00e9, vendredi, sur la base de renseignements pr\u00e9cis, la mise en \u00e9chec d\u2019un plan terroriste dangereux \u00e0 travers le d\u00e9mant\u00e8lement vendredi d\u2019une cellule terroriste, compos\u00e9e de sept membres li\u00e9s \u00e0 l\u2019Organisation dite \u00ab\u00a0Etat islamique\u00a0\u00bb s\u2019activant dans la localit\u00e9 de Tamaris, banlieue de Casablanca, Ouezzane et Chefchaouen, indique un communiqu\u00e9 du minist\u00e8re de l\u2019Int\u00e9rieur.<\/p>\n<div class=\"wp-block-image\"><img decoding=\"async\" src=\"http:\/\/albayane.press.ma\/wp-content\/uploads\/ouverture1-8.jpg\" alt=\"\" class=\"wp-image-82454\"\/><\/div>\n<p>Cette op\u00e9ration, qui s\u2019inscrit dans le cadre des efforts pour faire face aux r\u00e9seaux terroristes visant \u00e0 porter atteinte \u00e0 la s\u00e9curit\u00e9 et \u00e0 la stabilit\u00e9 du Royaume, a permis l\u2019arrestation du chef de file de la cellule et de l\u2019un de ses complices suite aux perquisitions effectu\u00e9es dans un \u00ab\u00a0abri s\u00fbr\u00a0\u00bb \u00e0 Tamaris o\u00f9 a \u00e9t\u00e9 saisi un lot d\u2019armes \u00e0 feu compos\u00e9 de deux fusils, trois pistolets automatiques, de diverses munitions, des ceintures pour cartouches, d\u2019armes blanches de grande taille, des \u00e9p\u00e9es, des sacs en plastique de grande taille contenant des produits chimiques suspects pouvant entrer dans la confection des explosifs, des menottes, de mat\u00e9riels de plong\u00e9e, de deux arbal\u00e8tes de p\u00eache, de deux paires de jumelles, une cam\u00e9ra, des talkie-walkies, des t\u00e9l\u00e9phones portables, deux boussoles, des cagoules, une paire de gants, une moto, des sommes d\u2019argent en monnaie nationale et en devise \u00e9trang\u00e8re, ainsi que deux \u00e9tendards de \u00ab\u00a0Daech\u00a0\u00bb et des manuscrits dont un texte d\u2019all\u00e9geance au pseudo-calife de ce groupe terroriste, ajoute le communiqu\u00e9.<\/p>\n<p>Parall\u00e8lement, il a \u00e9t\u00e9 proc\u00e9d\u00e9 au domicile du chef de cette cellule dans la m\u00eame r\u00e9gion d\u2019un zodiac et de mat\u00e9riels de plong\u00e9e dont des gilets de sauvetage, des paires de palmes, des montres, de lampes torches et masques de plong\u00e9e, une cam\u00e9ra de plong\u00e9e, de talkie-walkies, deux cagoules, des gants et un flacon contenant un liquide suspect, poursuit le communiqu\u00e9, indiquant qu\u2019il a \u00e9t\u00e9 proc\u00e9d\u00e9 \u00e9galement \u00e0 la d\u00e9couverte d\u2019\u00e9crits sur le mur de ce logement faisant l\u2019\u00e9loge de \u00ab\u00a0Daech\u00a0\u00bb.<\/p>\n<p>La perquisition d\u2019une maison lou\u00e9e par un des membres de cette cellule \u00e0 Ouezzane a permis la saisie de coutelas, de deux haches, de chaussures et tenues de randonn\u00e9e en montagne, de plusieurs tentes, de cordes d\u2019escalade, de sacs de couchage, de deux boussoles, de talkie-walkies, de torches \u00e9lectriques, d\u2019un chargeur \u00e0 l\u2019\u00e9nergie solaire, de jumelles, et de deux gilets de chasse.<\/p>\n<p>Selon les donn\u00e9es disponibles, les membres de cette cellule planifiaient de perp\u00e9trer, dans les plus brefs d\u00e9lais, une s\u00e9rie d\u2019op\u00e9rations terroristes visant des infrastructures sensibles et des sites strat\u00e9giques et ce, en coordination avec des \u00e9l\u00e9ments \u00e9trangers.<\/p>\n<p>Les donn\u00e9es pr\u00e9liminaires ont r\u00e9v\u00e9l\u00e9 l\u2019intention du chef de file de la cellule d\u00e9mantel\u00e9e, qui \u00e9tait en contact avec un expert en explosifs actif dans les rangs de \u00ab\u00a0Daech\u00a0\u00bb, de se rendre, en compagnie de ses complices, apr\u00e8s l\u2019ex\u00e9cution de leurs plans terroristes, dans l\u2019une des zones montagneuses situ\u00e9e dans la r\u00e9gion de Ouezzane, pour \u00e9tablir leur base-arri\u00e8re dans la perspective de proclamer une \u00ab\u00a0wilaya\u00a0\u00bb affili\u00e9e \u00e0 Daech.<\/p>\n<div class=\"wp-block-image\"><img decoding=\"async\" src=\"http:\/\/albayane.press.ma\/wp-content\/uploads\/rdc-99.jpg\" alt=\"\" class=\"wp-image-82455\"\/><\/div>\n<p>Dans la perspective de la mise en \u0153uvre de leur projet terroriste et de sa promotion au service de l\u2019agenda de \u00ab\u00a0Daech\u00a0\u00bb, les membres de cette cellule ont enregistr\u00e9 une vid\u00e9o dans laquelle ils pr\u00eataient all\u00e9geance au chef de \u00ab\u00a0Daech\u00a0\u00bb \u00ab\u00a0Abou Bakr Al Baghdadi\u00a0\u00bb et mena\u00e7aient de commettre des op\u00e9rations terroristes au Royaume.<\/p>\n<p>Cette op\u00e9ration confirme la poursuite des menaces terroristes qui prennent le Maroc pour cible et la d\u00e9termination des membres de \u00ab\u00a0Daech\u00a0\u00bb \u00e0 porter atteinte \u00e0 la s\u00e9curit\u00e9 et \u00e0 la stabilit\u00e9 du Royaume, en r\u00e9ponse aux appels r\u00e9p\u00e9titifs du soi-disant \u00ab\u00a0\u00e9mir\u00a0\u00bb de ce groupe. Les mis en cause ont \u00e9t\u00e9 plac\u00e9s en garde \u00e0 vue pour approfondir l\u2019enqu\u00eate men\u00e9e sous la supervision du parquet comp\u00e9tent, tandis que les investigations se poursuivent afin d\u2019arr\u00eater d\u2019autres complices soup\u00e7onn\u00e9s d\u2019\u00eatre impliqu\u00e9s dans cette cellule, conclut le communiqu\u00e9.<\/p>\n<p>Auteur: M&rsquo;hammed rahal<br \/>\n<a href=\"http:\/\/albayane.press.ma\/bcij-le-septieme-element-arrete-a-douar-mkanssa-a-casablanca.html\">Cliquez ici pour lire l&rsquo;article depuis sa source.<\/a><\/p>\n","protected":false},"excerpt":{"rendered":"<p>Le septi\u00e8me \u00e9l\u00e9ment membre de la cellule terroriste li\u00e9e \u00e0 l\u2019Organisation dite \u00ab\u00a0Etat islamique\u00a0\u00bb d\u00e9mantel\u00e9e, vendredi, dans la localit\u00e9 de Tamaris (banlieue de Casablanca), Ouezzane et Chefchaouen, a \u00e9t\u00e9 arr\u00eat\u00e9, le jour m\u00eame, \u00e0 Douar Mkanssa \u00e0 Ain Chock (Casablanca), par le Bureau central d\u2019investigations judiciaires (BCIJ) relevant de la Direction g\u00e9n\u00e9rale de la surveillance [&hellip;]<\/p>\n","protected":false},"author":1760,"featured_media":65748,"comment_status":"closed","ping_status":"closed","sticky":false,"template":"","format":"standard","meta":{"fifu_image_url":"","fifu_image_alt":"","footnotes":""},"categories":[73,54],"tags":[],"class_list":["post-65747","post","type-post","status-publish","format-standard","has-post-thumbnail","hentry","category-actualite","category-maroc"],"_links":{"self":[{"href":"https:\/\/linitiative.ca\/International\/wp-json\/wp\/v2\/posts\/65747","targetHints":{"allow":["GET"]}}],"collection":[{"href":"https:\/\/linitiative.ca\/International\/wp-json\/wp\/v2\/posts"}],"about":[{"href":"https:\/\/linitiative.ca\/International\/wp-json\/wp\/v2\/types\/post"}],"author":[{"embeddable":true,"href":"https:\/\/linitiative.ca\/International\/wp-json\/wp\/v2\/users\/1760"}],"replies":[{"embeddable":true,"href":"https:\/\/linitiative.ca\/International\/wp-json\/wp\/v2\/comments?post=65747"}],"version-history":[{"count":0,"href":"https:\/\/linitiative.ca\/International\/wp-json\/wp\/v2\/posts\/65747\/revisions"}],"wp:featuredmedia":[{"embeddable":true,"href":"https:\/\/linitiative.ca\/International\/wp-json\/"}],"wp:attachment":[{"href":"https:\/\/linitiative.ca\/International\/wp-json\/wp\/v2\/media?parent=65747"}],"wp:term":[{"taxonomy":"category","embeddable":true,"href":"https:\/\/linitiative.ca\/International\/wp-json\/wp\/v2\/categories?post=65747"},{"taxonomy":"post_tag","embeddable":true,"href":"https:\/\/linitiative.ca\/International\/wp-json\/wp\/v2\/tags?post=65747"}],"curies":[{"name":"wp","href":"https:\/\/api.w.org\/{rel}","templated":true}]}}