{"id":65749,"date":"2019-10-28T06:12:27","date_gmt":"2019-10-28T10:12:27","guid":{"rendered":"https:\/\/linitiative.ca\/International\/le-maroc-et-le-royaume-uni-concluent-un-accord-dassociation-a-londres\/"},"modified":"2019-10-28T06:12:27","modified_gmt":"2019-10-28T10:12:27","slug":"le-maroc-et-le-royaume-uni-concluent-un-accord-dassociation-a-londres","status":"publish","type":"post","link":"https:\/\/linitiative.ca\/International\/le-maroc-et-le-royaume-uni-concluent-un-accord-dassociation-a-londres\/","title":{"rendered":"Le Maroc et le Royaume-Uni concluent un accord d\u2019association \u00e0 Londres"},"content":{"rendered":"<p class=\"has-text-color has-vivid-cyan-blue-color\"><strong>Le Maroc et le Royaume-Uni ont scell\u00e9, samedi \u00e0 Londres, un accord d\u2019association global qui restitue, dans le contexte des relations bilat\u00e9rales, l\u2019ensemble des avantages qu\u2019ils s\u2019accordaient mutuellement dans le cadre de l\u2019Accord d\u2019Association Maroc-Union europ\u00e9enne.<\/strong><\/p>\n<p>Sign\u00e9 par le ministre des Affaires \u00e9trang\u00e8res, de la Coop\u00e9ration africaine et des Marocains r\u00e9sidant \u00e0 l\u2019\u00e9tranger, M. Nasser Bourita et le Secr\u00e9taire d\u2019Etat aupr\u00e8s du minist\u00e8re des Affaires \u00e9trang\u00e8res et du Commonwealth, Andrew Murrison, charg\u00e9 de la r\u00e9gion MENA et du d\u00e9veloppement international, cet accord entrera en vigueur une fois que les accords UE-Maroc cesseront de s\u2019appliquer pour le Royaume-Uni, apr\u00e8s le Brexit.<\/p>\n<p>Outre cet accord, les deux parties ont proc\u00e9d\u00e9 \u00e0 la signature de trois instruments juridiques, \u00e0 savoir la d\u00e9claration politique entre le Maroc et le Royaume Uni et deux accords sous forme d\u2019\u00e9change de lettres, portant, d\u2019une part, sur un m\u00e9canisme de r\u00e8glement des diff\u00e9rends et, d\u2019autre part, sur un accord mutuel sur l\u2019acc\u00e8s au march\u00e9 britannique de l\u2019ensemble des produits issus, notamment, de la r\u00e9gion du Sahara marocain.<br \/>\u00ab\u00a0S\u2019il est vrai que les trois instruments juridiques sont sign\u00e9s dans la perspective d\u2019une sortie du Royaume Uni de l\u2019Union europ\u00e9enne, il n\u2019en demeure pas moins qu\u2019ils ne pr\u00e9jugent en rien du d\u00e9bat national interne au Royaume Uni concernant le Brexit.<\/p>\n<p>Leur entr\u00e9e en vigueur est pr\u00e9vue apr\u00e8s la sortie officielle du Royaume Uni de l\u2019Union europ\u00e9enne\u00a0\u00bb, a expliqu\u00e9 M. Bourita dans une d\u00e9claration \u00e0 l\u2019issue de la c\u00e9r\u00e9monie de signature.<br \/>En revanche, ces instruments permettent de circonscrire l\u2019impact d\u2019un Brexit, notamment sur les relations \u00e9conomiques et commerciales entre les deux pays, et de transformer ce d\u00e9fi en v\u00e9ritable opportunit\u00e9 pour le d\u00e9veloppement continu de nos relations bilat\u00e9rales, a-t-il affirm\u00e9.<\/p>\n<p>La transposition au niveau bilat\u00e9ral de l\u2019Accord d\u2019association, est un moyen de pr\u00e9server l\u2019ensemble des acquis, politique, juridique, \u00e9conomique, sectoriel et territorial, obtenus dans le cadre des relations strat\u00e9giques entre le Maroc et l\u2019Union Europ\u00e9enne.<\/p>\n<p>Avec cet accord, la sortie du Royaume-Uni de l\u2019Union Europ\u00e9enne ne cr\u00e9era aucune rupture dans la relation bilat\u00e9rale entre le Royaume Uni et le Maroc. L\u2019accord assure une transition harmonieuse, qui maintient la fluidit\u00e9 des \u00e9changes et garantit leur s\u00e9curit\u00e9, tandis que l\u2019\u00e9change de lettres sur le m\u00e9canisme de r\u00e8glement des diff\u00e9rends peut \u00eatre con\u00e7u comme un m\u00e9canisme de pr\u00e9vention.<\/p>\n<p>De m\u00eame, le deuxi\u00e8me \u00e9change de lettres permet aux produits issus de toutes les r\u00e9gions du Maroc, y compris des provinces du sud, d\u2019acc\u00e9der, aux m\u00eames conditions et sans discrimination aucune, au march\u00e9 britannique. La r\u00e9ciprocit\u00e9 s\u2019applique \u00e9galement.<\/p>\n<p>Ainsi, la continuit\u00e9 et la visibilit\u00e9 n\u00e9cessaires aux op\u00e9rateurs \u00e9conomiques, ainsi que la s\u00e9curit\u00e9 indispensable au d\u00e9veloppement d\u2019investissements crois\u00e9s sont assur\u00e9s. De m\u00eame, a ajout\u00e9 M. Bourita, la compl\u00e9mentarit\u00e9 d\u00e9j\u00e0 effective entre les \u00e9conomies des deux pays est consolid\u00e9e.<\/p>\n<p>Auteur: M&rsquo;hammed rahal<br \/>\n<a href=\"http:\/\/albayane.press.ma\/le-maroc-et-le-royaume-uni-concluent-un-accord-dassociation-a-londres.html\">Cliquez ici pour lire l&rsquo;article depuis sa source.<\/a><\/p>\n","protected":false},"excerpt":{"rendered":"<p>Le Maroc et le Royaume-Uni ont scell\u00e9, samedi \u00e0 Londres, un accord d\u2019association global qui restitue, dans le contexte des relations bilat\u00e9rales, l\u2019ensemble des avantages qu\u2019ils s\u2019accordaient mutuellement dans le cadre de l\u2019Accord d\u2019Association Maroc-Union europ\u00e9enne. Sign\u00e9 par le ministre des Affaires \u00e9trang\u00e8res, de la Coop\u00e9ration africaine et des Marocains r\u00e9sidant \u00e0 l\u2019\u00e9tranger, M. Nasser [&hellip;]<\/p>\n","protected":false},"author":1760,"featured_media":0,"comment_status":"closed","ping_status":"closed","sticky":false,"template":"","format":"standard","meta":{"fifu_image_url":"","fifu_image_alt":"","footnotes":""},"categories":[73,54],"tags":[],"class_list":["post-65749","post","type-post","status-publish","format-standard","hentry","category-actualite","category-maroc"],"_links":{"self":[{"href":"https:\/\/linitiative.ca\/International\/wp-json\/wp\/v2\/posts\/65749","targetHints":{"allow":["GET"]}}],"collection":[{"href":"https:\/\/linitiative.ca\/International\/wp-json\/wp\/v2\/posts"}],"about":[{"href":"https:\/\/linitiative.ca\/International\/wp-json\/wp\/v2\/types\/post"}],"author":[{"embeddable":true,"href":"https:\/\/linitiative.ca\/International\/wp-json\/wp\/v2\/users\/1760"}],"replies":[{"embeddable":true,"href":"https:\/\/linitiative.ca\/International\/wp-json\/wp\/v2\/comments?post=65749"}],"version-history":[{"count":0,"href":"https:\/\/linitiative.ca\/International\/wp-json\/wp\/v2\/posts\/65749\/revisions"}],"wp:attachment":[{"href":"https:\/\/linitiative.ca\/International\/wp-json\/wp\/v2\/media?parent=65749"}],"wp:term":[{"taxonomy":"category","embeddable":true,"href":"https:\/\/linitiative.ca\/International\/wp-json\/wp\/v2\/categories?post=65749"},{"taxonomy":"post_tag","embeddable":true,"href":"https:\/\/linitiative.ca\/International\/wp-json\/wp\/v2\/tags?post=65749"}],"curies":[{"name":"wp","href":"https:\/\/api.w.org\/{rel}","templated":true}]}}