{"id":65751,"date":"2019-10-28T06:35:57","date_gmt":"2019-10-28T10:35:57","guid":{"rendered":"https:\/\/linitiative.ca\/International\/un-expert-en-monde-arabe-devenu-lauteur-de-la-diplomatie-multilaterale-russe\/"},"modified":"2019-10-28T06:35:57","modified_gmt":"2019-10-28T10:35:57","slug":"un-expert-en-monde-arabe-devenu-lauteur-de-la-diplomatie-multilaterale-russe","status":"publish","type":"post","link":"https:\/\/linitiative.ca\/International\/un-expert-en-monde-arabe-devenu-lauteur-de-la-diplomatie-multilaterale-russe\/","title":{"rendered":"Un expert en monde arabe devenu l\u2019auteur de la diplomatie multilat\u00e9rale russe"},"content":{"rendered":"<p class=\"has-text-color has-vivid-red-color c2\"><strong>90<\/strong><sup><strong>e<\/strong><\/sup><strong>anniversaire de la naissance d\u2019homme d\u2019Etat, diplomate et journaliste russe, Evgueni Primakov<\/strong><\/p>\n<p class=\"has-text-color has-vivid-cyan-blue-color\"><strong>Cette ann\u00e9e marque le 90<\/strong><sup><strong>e<\/strong><\/sup><strong>\u00a0anniversaire de la naissance d\u2019homme d\u2019Etat et politique distingu\u00e9, diplomate et journaliste russe Evgueni Primakov.<\/strong><\/p>\n<p>M. Primakov est une personnalit\u00e9 symbolique de l\u2019histoire contemporaine de la Russie. A des postes essentiels d\u2019un pays qui traversait une p\u00e9riode difficile du point de vue \u00e9conomique, politique et sociale, il \u00e9tait un dirigeant d\u2019une vision strat\u00e9gique qui savait prendre les d\u00e9cisions dures mais n\u00e9cessaires.<\/p>\n<p>En tant qu\u2019expert en monde arabe M. Primakov travaillait depuis des ann\u00e9es au Proche-Orient pour le journal sovi\u00e9tique \u00abPravda\u00bb. Lors de sa mission \u00e0 long terme au Caire il \u00e9tait en contact avec les hauts responsables des pays de la r\u00e9gion, participait au r\u00e8glement du conflit palestino-isra\u00e9lien et de la question kurde. Ses\u00a0livres consacr\u00e9s aux sujets d\u2019actualit\u00e9 r\u00e9gionale \u00abL\u2019Egypte\u00a0: le temps du pr\u00e9sident Nasser\u00bb, \u00abL\u2019anatomie du conflit au Proche-Orient\u00bb,\u00abLe Proche-Orient\u00a0:cinq voies vers la paix\u00bbainsi qu\u2019une s\u00e9rie de livres sur des questions \u00e9nerg\u00e9tiques ont \u00e9t\u00e9 traduits en dizaines de langues.<\/p>\n<p>Par la suite M. Primakov dirigeait l\u2019Institut d\u2019\u00e9tudes orientales et l\u2019Institut de l\u2019\u00e9conomie mondiale et des relations internationales (IMEMO) de l\u2019Acad\u00e9mie des sciences de l\u2019URSS, le Service des renseignements ext\u00e9rieurs de Russie, le\u00a0Minist\u00e8re des Affaires Etrang\u00e8res, le Gouvernement et la Chambre de commerce et d\u2019industrie. A chaque poste il a \u00e9t\u00e9 appr\u00e9ci\u00e9 comme une personne de parole, un\u00a0visionnaire et un professionnel.<\/p>\n<p>Pourtant, le moment le plus remarquable de sa carri\u00e8re \u00e9tait son\u00abdemi-tour au-dessus de l\u2019Atlantique\u00bb: en apprenant que l\u2019OTAN avait commenc\u00e9 les bombardements de la Yougoslavie, M. Primakov a annul\u00e9 son visite aux Etats-Unis et a ordonn\u00e9 le retour imminent \u00e0 Moscou de son avion qui faisait alors route \u00e0 Washington.<\/p>\n<p>Cette d\u00e9marche a constitu\u00e9 le refus de suivre la ligne politique occidentale et am\u00e9ricaine et le retour vers le r\u00f4le actif et ind\u00e9pendant de la Russie aux affaires internationales qu\u2019elle continue de jouer aujourd\u2019hui.<\/p>\n<p>Les id\u00e9es de Evgueni Primakov \u2013 notamment sur la multipolarit\u00e9 du syst\u00e8me des relations internationales \u2013 ont r\u00e9sist\u00e9 \u00e0 l\u2019\u00e9preuve du temps. Le d\u00e9veloppement plus dynamique des liens avec les pays asiatiques s\u2019est produit aussi, en grande partie, gr\u00e2ce \u00e0 lui.<\/p>\n<p>C\u2019\u00e9tait justement M. Primakov qui a formul\u00e9 pour la premi\u00e8re fois le point de vue que les \u00e9conomies les plus prometteuses du monde, la Russie, l\u2019Inde et la Chine doivent coordonner ses efforts sur la sc\u00e8ne internationale ce qui a donn\u00e9 naissance au forum \u00abRIC\u00bb (les premi\u00e8res lettres des pays) et ensuite apr\u00e8s l\u2019adh\u00e9sion du Br\u00e9sil et de l\u2019Afrique du Sud au groupement connu comme le BRICS.<\/p>\n<p>Sous sa direction comme\u00a0ministre des affaires \u00e9trang\u00e8res on a vu un\u00a0renforcement des relations avec les pays de la r\u00e9gion d\u2019Asie Pacifique. Un r\u00e9sultat important de cette politique a \u00e9t\u00e9 l\u2019obtention par la Russie du statut de partenaire de dialogue de l\u2019Association des nations de l\u2019Asie du Sud-Est(l\u2019ASEAN) ainsi que l\u2019adh\u00e9sion au forum \u00abCoop\u00e9ration \u00e9conomique Asie-Pacifique\u00bb (l\u2019APEC). C\u2019\u00e9tait aussi M. Primakov qui a initi\u00e9 la participation de la Russie au forum \u00abDialogue Asie-Europe\u00bb (l\u2019ASEM). La cr\u00e9ation et le d\u00e9veloppement des organes de l\u2019Organisation de coop\u00e9ration de Shanghai (l\u2019OCS) ont \u00e9galement eu lieu avec la participation directe de M. Primakov.<\/p>\n<p>En tant que ministre des affaires \u00e9trang\u00e8res et le chef du gouvernement il a aussi \u0153uvr\u00e9 pour dynamiser les relations bilat\u00e9rales avec des pays asiatiques. Par cons\u00e9quent la\u00a0Russie a fait des progr\u00e8s consid\u00e9rables dans le renforcement des liens avec la\u00a0Chine, le Japon, la\u00a0Cor\u00e9e du Sud, l\u2019Inde, le\u00a0Vietnam, l\u2019Indon\u00e9sie, la\u00a0Malaisie, la Tha\u00eflande. Primakov accordait une attention particuli\u00e8re au d\u00e9veloppement de\u00a0la\u00a0coop\u00e9ration avec l\u2019Afghanistan.<\/p>\n<p>Le principe de la politique \u00e9trang\u00e8re russe contemporaine formul\u00e9 par Primakov c\u2019est l\u2019ind\u00e9pendance et l\u2019autonomie aux affaires internationales et l\u2019ouverture envers une coop\u00e9ration avec tout autre pays ou groupement des pays sur la base d\u2019\u00e9galit\u00e9 en droits, de respect et d\u2019int\u00e9r\u00eats mutuels. Il a \u00e9t\u00e9 un homme politique avis\u00e9 qui comprenait profond\u00e9ment la n\u00e9cessit\u00e9 pour un pays tel que la\u00a0Russie d\u2019avoir une strat\u00e9gie politique et \u00e9conomique ext\u00e9rieure \u00e9quilibr\u00e9e. Le\u00a0positionnement de la Russie sur la sc\u00e8ne internationale d\u2019aujourd\u2019hui est sans aucun doute son h\u00e9ritage.<\/p>\n<p>Auteur: M&rsquo;hammed rahal<br \/>\n<a href=\"http:\/\/albayane.press.ma\/un-expert-en-monde-arabe-devenu-lauteur-de-la-diplomatie-multilaterale-russe.html\">Cliquez ici pour lire l&rsquo;article depuis sa source.<\/a><\/p>\n","protected":false},"excerpt":{"rendered":"<p>90eanniversaire de la naissance d\u2019homme d\u2019Etat, diplomate et journaliste russe, Evgueni Primakov Cette ann\u00e9e marque le 90e\u00a0anniversaire de la naissance d\u2019homme d\u2019Etat et politique distingu\u00e9, diplomate et journaliste russe Evgueni Primakov. M. Primakov est une personnalit\u00e9 symbolique de l\u2019histoire contemporaine de la Russie. A des postes essentiels d\u2019un pays qui traversait une p\u00e9riode difficile du [&hellip;]<\/p>\n","protected":false},"author":1760,"featured_media":0,"comment_status":"closed","ping_status":"closed","sticky":false,"template":"","format":"standard","meta":{"fifu_image_url":"","fifu_image_alt":"","footnotes":""},"categories":[73,54],"tags":[],"class_list":["post-65751","post","type-post","status-publish","format-standard","hentry","category-actualite","category-maroc"],"_links":{"self":[{"href":"https:\/\/linitiative.ca\/International\/wp-json\/wp\/v2\/posts\/65751","targetHints":{"allow":["GET"]}}],"collection":[{"href":"https:\/\/linitiative.ca\/International\/wp-json\/wp\/v2\/posts"}],"about":[{"href":"https:\/\/linitiative.ca\/International\/wp-json\/wp\/v2\/types\/post"}],"author":[{"embeddable":true,"href":"https:\/\/linitiative.ca\/International\/wp-json\/wp\/v2\/users\/1760"}],"replies":[{"embeddable":true,"href":"https:\/\/linitiative.ca\/International\/wp-json\/wp\/v2\/comments?post=65751"}],"version-history":[{"count":0,"href":"https:\/\/linitiative.ca\/International\/wp-json\/wp\/v2\/posts\/65751\/revisions"}],"wp:attachment":[{"href":"https:\/\/linitiative.ca\/International\/wp-json\/wp\/v2\/media?parent=65751"}],"wp:term":[{"taxonomy":"category","embeddable":true,"href":"https:\/\/linitiative.ca\/International\/wp-json\/wp\/v2\/categories?post=65751"},{"taxonomy":"post_tag","embeddable":true,"href":"https:\/\/linitiative.ca\/International\/wp-json\/wp\/v2\/tags?post=65751"}],"curies":[{"name":"wp","href":"https:\/\/api.w.org\/{rel}","templated":true}]}}