{"id":65752,"date":"2019-10-28T06:47:56","date_gmt":"2019-10-28T10:47:56","guid":{"rendered":"https:\/\/linitiative.ca\/International\/presentation-a-paris-du-traite-marocain-de-droit-des-societes\/"},"modified":"2019-10-28T06:47:56","modified_gmt":"2019-10-28T10:47:56","slug":"presentation-a-paris-du-traite-marocain-de-droit-des-societes","status":"publish","type":"post","link":"https:\/\/linitiative.ca\/International\/presentation-a-paris-du-traite-marocain-de-droit-des-societes\/","title":{"rendered":"Pr\u00e9sentation \u00e0 Paris du \u00abTrait\u00e9 marocain de droit des soci\u00e9t\u00e9s\u00bb"},"content":{"rendered":"<p class=\"has-text-color has-vivid-cyan-blue-color\"><strong>\u00abTrait\u00e9 marocain de droit des soci\u00e9t\u00e9s\u00bb, est un nouvel ouvrage du professeur Mohamed El Mernissi, que vient d\u2019\u00e9diter LexisNexis, groupe fran\u00e7ais leader mondial de la publication juridique, et dont la c\u00e9r\u00e9monie de pr\u00e9sentation s\u2019est d\u00e9roul\u00e9e, vendredi \u00e0 Paris, devant un parterre de juristes \u00e9m\u00e9rites et de repr\u00e9sentants de cabinets d\u2019avocats et conseils de renom fran\u00e7ais et marocains.<\/strong><\/p>\n<p>Tr\u00e8s attendu sur le march\u00e9 marocain, cet ouvrage \u00abexceptionnel\u00bb vient combler un vide dans la production juridique au Maroc, souligne-t-on aupr\u00e8s de l\u2019\u00e9diteur.<br \/>Le droit marocain des soci\u00e9t\u00e9s a longtemps \u00e9t\u00e9 r\u00e9gi par le Code de commerce de 1913 et par les dispositions de la loi fran\u00e7aise du 24 juillet 1867 sur les soci\u00e9t\u00e9s de capitaux, rendues applicables par le dahir du 11 ao\u00fbt 1922. Puis, dans les ann\u00e9es 1990, on assiste \u00e0 un \u00abbig bang\u00bb juridique qui aboutit \u00e0 une v\u00e9ritable recomposition du droit des affaires en g\u00e9n\u00e9ral et du droit des soci\u00e9t\u00e9s en particulier, souligne l\u2019\u00e9diteur dans une note de pr\u00e9sentation. Et parce que le bilan l\u00e9gislatif des trente derni\u00e8res ann\u00e9es est \u00abimpressionnant\u00bb, ce trait\u00e9 vient faire le point sur cette discipline en plein mouvement en faisant ressortir les aspects th\u00e9oriques et pratiques et en capitalisant sur une exp\u00e9rience de plus de quarante ans d\u2019enseignement et de pratique du droit des soci\u00e9t\u00e9s.<\/p>\n<p>Particuli\u00e8rement fourni en r\u00e9f\u00e9rences doctrinales et jurisprudentielles, \u00e0 jour des \u00e9volutions du secteur jusqu\u2019en avril 2019, il constitue \u00e0 cet \u00e9gard un outil pr\u00e9cieux pour les universitaires et les praticiens du droit des affaires.<br \/>\u00abLa cible principale de cet ouvrage c\u2019est d\u2019abord les \u00e9tudiants, les universitaires mais \u00e9galement les professionnels qui trouveront dans ce \u00abTrait\u00e9\u00bb tous les aspects juridiques concernant les soci\u00e9t\u00e9s mais \u00e9galement les aspects d\u2019ordres fiscal, comptable, financier et boursier\u00bb, a expliqu\u00e9 le Professeur El Mernissi.<\/p>\n<p>\u00abCet ouvrage vient combler un vide, du moins dans la litt\u00e9rature juridique en langue fran\u00e7aise\u00bb, a-t-il assur\u00e9, dans une d\u00e9claration \u00e0 la MAP, formulant le v\u0153u que \u00abtr\u00e8s bient\u00f4t\u00bb, l\u2019ouvrage puisse \u00eatre traduit en langue arabe pour qu\u2019il \u00absoit davantage \u00e0 la port\u00e9e de tous les \u00e9tudiants qu\u2019ils soient fran\u00e7isants ou arabisants\u00bb.<\/p>\n<p>\u00abAvec LexisNexis, on a convenu de ne pas en faire une op\u00e9ration commerciale, ce qui fait que l\u2019ouvrage est propos\u00e9 \u00e0 la vente \u00e0 une somme modique\u00bb, a soulign\u00e9 le Professeur El Mernissi. L\u2019objectif, \u00e9tant de mettre l\u2019ouvrage \u00e0 la disposition du plus grand nombre en tenant compte du pouvoir d\u2019achat, notamment des \u00e9tudiants et des universitaires au Maroc.<\/p>\n<p>Cet ouvrage sera \u00e9galement d\u2019une grande aide aussi bien pour les cabinets de conseils ou d\u2019avocats install\u00e9s au Maroc, que pour les entreprises fran\u00e7aises et francophones qui souhaitent investir dans le Royaume.<br \/>A travers cette nouvelle publication, Mohamed El Mernissi et ses \u00e9diteurs entendent envoyer un message fort aux praticiens du Droit au Maroc, en Afrique et dans le monde arabe, celui de \u00abcreuser la mati\u00e8re juridique et la pratique du Droit\u00bb, ont soulign\u00e9 diff\u00e9rents intervenants lors de la c\u00e9r\u00e9monie de pr\u00e9sentation de cet ouvrage.<br \/>\u00abCe travail, qui vient aider les juristes dans leur travail et leur mission, sera \u00e9galement d\u2019une grande aide pour les cabinets d\u2019avocats et les cabinets conseils install\u00e9s au Maroc\u00bb, ont-ils affirm\u00e9.<\/p>\n<p>\u00abTrait\u00e9 marocain de droit des soci\u00e9t\u00e9s\u00bb a \u00e9t\u00e9 pr\u00e9sent\u00e9 lors du Casa Business Law Forum, qui s\u2019est tenu les 21 et 22 octobre courant dans la capitale \u00e9conomique du Royaume.<\/p>\n<p>Mohamed El Mernissi est professeur \u00e0 la Facult\u00e9 de droit de Casablanca, Universit\u00e9 Hassan II-A\u00efn Chock et pr\u00e9sident de la Cour marocaine d\u2019arbitrage. Ancien membre du Conseil de la concurrence, il a exerc\u00e9 les fonctions de directeur du Centre d\u2019\u00e9tudes doctorales, de directeur du Laboratoire interdisciplinaire de recherche en droit des affaires, de coordinateur du master Droit des affaires. Il a \u00e9t\u00e9 aussi pr\u00e9sident ou membre de plusieurs commissions de r\u00e9forme de nombreuses branches du droit.<\/p>\n<p>Auteur: M&rsquo;hammed rahal<br \/>\n<a href=\"http:\/\/albayane.press.ma\/presentation-a-paris-du-traite-marocain-de-droit-des-societes.html\">Cliquez ici pour lire l&rsquo;article depuis sa source.<\/a><\/p>\n","protected":false},"excerpt":{"rendered":"<p>\u00abTrait\u00e9 marocain de droit des soci\u00e9t\u00e9s\u00bb, est un nouvel ouvrage du professeur Mohamed El Mernissi, que vient d\u2019\u00e9diter LexisNexis, groupe fran\u00e7ais leader mondial de la publication juridique, et dont la c\u00e9r\u00e9monie de pr\u00e9sentation s\u2019est d\u00e9roul\u00e9e, vendredi \u00e0 Paris, devant un parterre de juristes \u00e9m\u00e9rites et de repr\u00e9sentants de cabinets d\u2019avocats et conseils de renom fran\u00e7ais [&hellip;]<\/p>\n","protected":false},"author":1760,"featured_media":0,"comment_status":"closed","ping_status":"closed","sticky":false,"template":"","format":"standard","meta":{"fifu_image_url":"","fifu_image_alt":"","footnotes":""},"categories":[73,54],"tags":[],"class_list":["post-65752","post","type-post","status-publish","format-standard","hentry","category-actualite","category-maroc"],"_links":{"self":[{"href":"https:\/\/linitiative.ca\/International\/wp-json\/wp\/v2\/posts\/65752","targetHints":{"allow":["GET"]}}],"collection":[{"href":"https:\/\/linitiative.ca\/International\/wp-json\/wp\/v2\/posts"}],"about":[{"href":"https:\/\/linitiative.ca\/International\/wp-json\/wp\/v2\/types\/post"}],"author":[{"embeddable":true,"href":"https:\/\/linitiative.ca\/International\/wp-json\/wp\/v2\/users\/1760"}],"replies":[{"embeddable":true,"href":"https:\/\/linitiative.ca\/International\/wp-json\/wp\/v2\/comments?post=65752"}],"version-history":[{"count":0,"href":"https:\/\/linitiative.ca\/International\/wp-json\/wp\/v2\/posts\/65752\/revisions"}],"wp:attachment":[{"href":"https:\/\/linitiative.ca\/International\/wp-json\/wp\/v2\/media?parent=65752"}],"wp:term":[{"taxonomy":"category","embeddable":true,"href":"https:\/\/linitiative.ca\/International\/wp-json\/wp\/v2\/categories?post=65752"},{"taxonomy":"post_tag","embeddable":true,"href":"https:\/\/linitiative.ca\/International\/wp-json\/wp\/v2\/tags?post=65752"}],"curies":[{"name":"wp","href":"https:\/\/api.w.org\/{rel}","templated":true}]}}