{"id":65755,"date":"2019-10-28T13:04:32","date_gmt":"2019-10-28T17:04:32","guid":{"rendered":"https:\/\/linitiative.ca\/International\/amazighite-assad-participera-a-un-atelier-sur-les-langues-transfrontalieres-a-addis-abbeba\/"},"modified":"2019-10-28T13:04:32","modified_gmt":"2019-10-28T17:04:32","slug":"amazighite-assad-participera-a-un-atelier-sur-les-langues-transfrontalieres-a-addis-abbeba","status":"publish","type":"post","link":"https:\/\/linitiative.ca\/International\/amazighite-assad-participera-a-un-atelier-sur-les-langues-transfrontalieres-a-addis-abbeba\/","title":{"rendered":"Amazighit\u00e9 : Assad participera \u00e0 un Atelier sur les langues transfrontali\u00e8res \u00e0 Addis Abbeba"},"content":{"rendered":"<p><span class=\"sp-nh-title\">Comm\u00e9moration du 61\u00e8me anniversaire de la bataille Kerdache \u00e0 T\u00e9macine<\/span> &#8211; <span class=\"sp-nh-date\">lundi 28 octobre 2019 17:40<\/span><\/p>\n<p><span class=\"sp-nh-title\">Centrales \u00e9lectriques photovolta\u00efques: une seule offre financi\u00e8re accept\u00e9e<\/span> &#8211; <span class=\"sp-nh-date\">lundi 28 octobre 2019 17:04<\/span><\/p>\n<p><span class=\"sp-nh-title\">Championnats arabes de v\u00e9lo de montage: l&rsquo;Alg\u00e9rie pr\u00e9sente avec 14 athl\u00e8tes<\/span> &#8211; <span class=\"sp-nh-date\">lundi 28 octobre 2019 16:52<\/span><\/p>\n<p><span class=\"sp-nh-title\">Mise en \u00e9chec de deux tentatives d\u2019\u00e9migration clandestine en mer<\/span> &#8211; <span class=\"sp-nh-date\">lundi 28 octobre 2019 16:34<\/span><\/p>\n<p><span class=\"sp-nh-title\">Foot\/Coupe arabe: Al-Quwa Al-Jawiya (Irak)-MC Alger le 7 novembre \u00e0 Bassora<\/span> &#8211; <span class=\"sp-nh-date\">lundi 28 octobre 2019 16:27<\/span><\/p>\n<p><span class=\"sp-nh-title\">D\u00e9veloppement des ressources mini\u00e8res: l&rsquo;Alg\u00e9rie veut impulser un nouvel \u00e9lan<\/span> &#8211; <span class=\"sp-nh-date\">lundi 28 octobre 2019 16:26<\/span><\/p>\n<p><span class=\"sp-nh-title\">Universit\u00e9 de M&rsquo;sila-entreprise MEI: convention de formation et de recherche scientifique<\/span> &#8211; <span class=\"sp-nh-date\">lundi 28 octobre 2019 16:15<\/span><\/p>\n<p><span class=\"sp-nh-title\">Gagner une CAN pour mon pays a \u00e9t\u00e9 un grand moment pour moi<\/span> &#8211; <span class=\"sp-nh-date\">lundi 28 octobre 2019 16:11<\/span><\/p>\n<p><span class=\"sp-nh-title\">Le projet de loi sur les collectivit\u00e9s territoriales conf\u00e8re davantage de pr\u00e9rogatives aux \u00e9lus locaux<\/span> &#8211; <span class=\"sp-nh-date\">lundi 28 octobre 2019 16:03<\/span><\/p>\n<p><span class=\"sp-nh-title\">Tennis\/R\u00e9union du coll\u00e8ge technique: \u00a0\u00bbDes suggestions importantes et constructives sont attendues\u00a0\u00bb<\/span> &#8211; <span class=\"sp-nh-date\">lundi 28 octobre 2019 15:59<\/span><\/p>\n<p><span class=\"sp-nh-title\">Irak: l&rsquo;arm\u00e9e d\u00e9cr\u00e8te un couvre-feu \u00e0 Baghdad<\/span> &#8211; <span class=\"sp-nh-date\">lundi 28 octobre 2019 15:54<\/span><\/p>\n<p><span class=\"sp-nh-title\">2eme \u00e9dition du festival national des jeunes talents de la chanson mercredi \u00e0 Alger<\/span> &#8211; <span class=\"sp-nh-date\">lundi 28 octobre 2019 15:50<\/span><\/p>\n<p><span class=\"sp-nh-title\">Le Commandant des Forces navales inspecte le b\u00e2timent escorteur Rais Corso<\/span> &#8211; <span class=\"sp-nh-date\">lundi 28 octobre 2019 15:45<\/span><\/p>\n<p><span class=\"sp-nh-title\">Constantine : saisie de plus de 23 kg de kif trait\u00e9 durant les neuf premiers mois de 2019<\/span> &#8211; <span class=\"sp-nh-date\">lundi 28 octobre 2019 15:41<\/span><\/p>\n<p><span class=\"sp-nh-title\">Le relations alg\u00e9ro-cubaines au centre d&rsquo;un entretien entre Chenine et l&rsquo;ambassadrice de Cuba<\/span> &#8211; <span class=\"sp-nh-date\">lundi 28 octobre 2019 15:38<\/span><\/p>\n<p><span class=\"sp-nh-title\">Badminton-tournoi international Open : d\u00e9but de la comp\u00e9tition<\/span> &#8211; <span class=\"sp-nh-date\">lundi 28 octobre 2019 15:36<\/span><\/p>\n<p><span class=\"sp-nh-title\">Tirer des le\u00e7ons de la R\u00e9volution pour barrer la route \u00e0 ceux qui veulent attenter \u00e0 la stabilit\u00e9 du pays<\/span> &#8211; <span class=\"sp-nh-date\">lundi 28 octobre 2019 15:30<\/span><\/p>\n<p><span class=\"sp-nh-title\">R\u00e8glement du conflit au Sahara occidental: Macron appel\u00e9 \u00e0 jouer un r\u00f4le constructif<\/span> &#8211; <span class=\"sp-nh-date\">lundi 28 octobre 2019 15:28<\/span><\/p>\n<p><span class=\"sp-nh-title\">Concurrence: imp\u00e9ratif d&rsquo;adapter le cadre juridique pour faire face aux d\u00e9fis du num\u00e9rique<\/span> &#8211; <span class=\"sp-nh-date\">lundi 28 octobre 2019 15:06<\/span><\/p>\n<p><span class=\"sp-nh-title\">Mise en \u00e9chec d\u2019un plan d\u2019\u00e9migration clandestine et arrestation de 22 personnes<\/span> &#8211; <span class=\"sp-nh-date\">lundi 28 octobre 2019 15:02<\/span><\/p>\n<p>Auteur:<br \/>\n<a href=\"http:\/\/www.aps.dz\/culture\/96439-amazighite-assad-participera-a-un-atelier-sur-les-langues-transfrontalieres-a-addis-abbeba\">Cliquez ici pour lire l&rsquo;article depuis sa source.<\/a><\/p>\n","protected":false},"excerpt":{"rendered":"<p>Comm\u00e9moration du 61\u00e8me anniversaire de la bataille Kerdache \u00e0 T\u00e9macine &#8211; lundi 28 octobre 2019 17:40 Centrales \u00e9lectriques photovolta\u00efques: une seule offre financi\u00e8re accept\u00e9e &#8211; lundi 28 octobre 2019 17:04 Championnats arabes de v\u00e9lo de montage: l&rsquo;Alg\u00e9rie pr\u00e9sente avec 14 athl\u00e8tes &#8211; lundi 28 octobre 2019 16:52 Mise en \u00e9chec de deux tentatives d\u2019\u00e9migration clandestine [&hellip;]<\/p>\n","protected":false},"author":1790,"featured_media":0,"comment_status":"closed","ping_status":"closed","sticky":false,"template":"","format":"standard","meta":{"fifu_image_url":"","fifu_image_alt":"","footnotes":""},"categories":[53,79],"tags":[],"class_list":["post-65755","post","type-post","status-publish","format-standard","hentry","category-algerie","category-culture"],"_links":{"self":[{"href":"https:\/\/linitiative.ca\/International\/wp-json\/wp\/v2\/posts\/65755","targetHints":{"allow":["GET"]}}],"collection":[{"href":"https:\/\/linitiative.ca\/International\/wp-json\/wp\/v2\/posts"}],"about":[{"href":"https:\/\/linitiative.ca\/International\/wp-json\/wp\/v2\/types\/post"}],"author":[{"embeddable":true,"href":"https:\/\/linitiative.ca\/International\/wp-json\/wp\/v2\/users\/1790"}],"replies":[{"embeddable":true,"href":"https:\/\/linitiative.ca\/International\/wp-json\/wp\/v2\/comments?post=65755"}],"version-history":[{"count":0,"href":"https:\/\/linitiative.ca\/International\/wp-json\/wp\/v2\/posts\/65755\/revisions"}],"wp:attachment":[{"href":"https:\/\/linitiative.ca\/International\/wp-json\/wp\/v2\/media?parent=65755"}],"wp:term":[{"taxonomy":"category","embeddable":true,"href":"https:\/\/linitiative.ca\/International\/wp-json\/wp\/v2\/categories?post=65755"},{"taxonomy":"post_tag","embeddable":true,"href":"https:\/\/linitiative.ca\/International\/wp-json\/wp\/v2\/tags?post=65755"}],"curies":[{"name":"wp","href":"https:\/\/api.w.org\/{rel}","templated":true}]}}