{"id":65756,"date":"2019-10-28T13:04:36","date_gmt":"2019-10-28T17:04:36","guid":{"rendered":"https:\/\/linitiative.ca\/International\/ouahiba-difallah-une-etoile-montante-de-lart-pictural-dans-le-sud\/"},"modified":"2019-10-28T13:04:36","modified_gmt":"2019-10-28T17:04:36","slug":"ouahiba-difallah-une-etoile-montante-de-lart-pictural-dans-le-sud","status":"publish","type":"post","link":"https:\/\/linitiative.ca\/International\/ouahiba-difallah-une-etoile-montante-de-lart-pictural-dans-le-sud\/","title":{"rendered":"Ouahiba Difallah, une \u00e9toile montante de l&rsquo;art pictural dans le Sud"},"content":{"rendered":"<div readability=\"35\">\n<p><strong>BECHAR &#8211; L\u2019artiste-peintre Ouahiba Difallah, qui dit vivre pour l\u2019amour de l\u2019art et de la culture en g\u00e9n\u00e9ral, est une des \u00e9toiles montantes de l\u2019art pictural dans le sud-ouest du pays.<\/strong><\/p>\n<\/div>\n<div readability=\"111\">\n<p>D\u00e8s sa tendre enfance, elle commence \u00e0 dessiner avec l\u2019aide et le soutien de son p\u00e8re, qui a \u00e9t\u00e9, reconnait-elle, le premier \u00e0 d\u00e9celer ses penchants pour l\u2019art et m\u00eame \u00e0 l\u2019encourager \u00e0 poursuivre dans ses activit\u00e9s et \u00e0 lire les \u0153uvres d\u00e9di\u00e9es \u00e0 cet art.<\/p>\n<p>Approch\u00e9e en marge d\u2019une exposition de ses \u0153uvres \u00e0 l\u2019occasion du Festival culturel local \u00ab\u00a0Allah Yajaal Men Khimatna Khiam\u00a0\u00bb, qui se d\u00e9roule \u00e0 Bechar, l&rsquo;autodidacte confie que ses \u0153uvres sont \u00ab\u00a0surr\u00e9alistes\u00a0\u00bb et qu&rsquo;elle r\u00e9alise des portraits de femmes et de paysages africains.<\/p>\n<blockquote readability=\"16\">\n<p><em><strong>\u00ab\u00a0Les portraits de femmes, surtout africaines, que j\u2019ai r\u00e9alis\u00e9s sont le reflet de mon attachement \u00e0 mon continent, l\u2019Afrique, et aux luttes de ces femmes \u00e0 travers les si\u00e8cles et durant les phases historiques difficiles et sanglantes de notre continent\u00a0\u00bb, a-t-elle soutenu. Cet attachement, tant \u00e0 l&rsquo;Afrique qu&rsquo;\u00e0 l&rsquo;Ag\u00e9rie, on le retrouve dans ses tableaux \u00ab\u00a0Masque Africain\u00a0\u00bb, \u00ab\u00a0Claire de lune sur mon bateau\u00a0\u00bb et \u00ab\u00a0Mona Lisa sur bois\u00a0\u00bb.<\/strong><\/em><\/p>\n<\/blockquote>\n<p>Son \u0153uvre \u00ab\u00a0Zaali Tawal\u00a0\u00bb, inspir\u00e9e d&rsquo;un succ\u00e8s de la chanteuse libanaise Fayrouz, et qui est un portrait d&rsquo;une femme en pleurs, a \u00e9t\u00e9 con\u00e7ue avec de la poudre de caf\u00e9, une technique que l&rsquo;artiste dit avoir cr\u00e9\u00e9e pour se \u00ab\u00a0d\u00e9marquer\u00a0\u00bb des techniques de peinture classiques.<\/p>\n<p>\u00ab\u00a0J\u2019ai v\u00e9cu \u00e0 Adrar, entour\u00e9e de femmes dont les portraits s&rsquo;imposaient \u00e0 moi. C&rsquo;est donc, profond\u00e9ment baign\u00e9e dans un tel environnement, que j&rsquo;ai commenc\u00e9 r\u00e9ellement ma carri\u00e8re en 2014\u00a0\u00bb, a confi\u00e9 Ouahiba, qui dit ne pas avoir cherch\u00e9, depuis le d\u00e9but, \u00e0 peindre la beaut\u00e9, mais \u00e0 surprendre et \u00e0 provoquer des sentiments et des interrogations chez le public.<\/p>\n<p>L&rsquo;artiste, \u00e9galement nouvelliste et po\u00e8te, a remport\u00e9 en 2016 le premier Prix d\u2019un concours de la meilleure nouvelle avec son texte \u00ab\u00a0Samit Ennatak\u00a0\u00bb, qui traite des conditions de vie quotidienne des sourds-muets.<\/p>\n<p>Ouahiba Difallah dont les \u0153uvres sont pr\u00e9sentes \u00e0 Bechar et Paris (France), regrette l&rsquo;absence d&rsquo;un v\u00e9ritable march\u00e9 de l\u2019art, au niveau tant local que national, soutenant que l\u2019int\u00e9r\u00eat du public pour l\u2019art pictural ne peut \u00eatre d\u00e9velopp\u00e9 que par la disponibilit\u00e9 d&rsquo;espaces idoines d&rsquo;exposition et la mise sur pied de manifestations culturelles, comme est le cas avec le festival \u00ab\u00a0Allah Yajaal Men Khimatna Khiam\u00a0\u00bb.<\/p>\n<p>Pour l&rsquo;associat ion \u00ab\u00a0Saharienne\u00a0\u00bb, principale organisatrice du Festival, qui se poursuivra jusqu&rsquo;au 17 novembre prochain \u00e0 Bechar, inviter Ouahiba Difallah visait \u00e0 lui offrir une tribune pour faire connaitre les \u0153uvres d&rsquo;une \u00e9toile montante de l&rsquo;art pictural dans la r\u00e9gion.<\/p>\n<blockquote readability=\"12\">\n<p><em><strong>L\u2019artiste-peintre Ouahiba Difallah qui a obtenu sa licence universitaire en langue anglaise \u00e0 l\u2019universit\u00e9 \u00ab\u00a0Tahri Mohamed\u00a0\u00bb de Bechar, tout en affirmant s\u2019inspirer du grand peintre Salvador Dali, avance que la peinture est aussi un moyen de connaissance de l\u2019histoire des nations, comme c&rsquo;est le cas en Alg\u00e9rie, avec les \u0153uvres des d\u00e9funts Mohamed Racim et Mohamed Temmam.<\/strong><\/em><\/p>\n<\/blockquote>\n<p>Concernant ses projets d\u2019avenir, et en plus de sa future participation \u00e0 plusieurs manifestations culturelles et expositions \u00e0 travers le pays, Ouahiba pr\u00e9voit de s&rsquo;initier au documentaire t\u00e9l\u00e9vis\u00e9 sur l\u2019art pictural pour le faire connaitre davantage aupr\u00e8s des publics.<\/p>\n<p>Un autre souhait encore plus cher : monter des expositions artistiques dans les \u00e9coles pour familiariser les \u00e9l\u00e8ves avec l&rsquo;art et, partant, faire revivre en eux l\u2019amour de l\u2019art et de la culture en g\u00e9n\u00e9ral.<\/p>\n<\/div>\n<p>Auteur:<br \/>\n<a href=\"http:\/\/www.aps.dz\/culture\/96443-ouahiba-difallah-une-etoile-montante-de-l-art-pictural-dans-le-sud\">Cliquez ici pour lire l&rsquo;article depuis sa source.<\/a><\/p>\n","protected":false},"excerpt":{"rendered":"<p>BECHAR &#8211; L\u2019artiste-peintre Ouahiba Difallah, qui dit vivre pour l\u2019amour de l\u2019art et de la culture en g\u00e9n\u00e9ral, est une des \u00e9toiles montantes de l\u2019art pictural dans le sud-ouest du pays. D\u00e8s sa tendre enfance, elle commence \u00e0 dessiner avec l\u2019aide et le soutien de son p\u00e8re, qui a \u00e9t\u00e9, reconnait-elle, le premier \u00e0 d\u00e9celer [&hellip;]<\/p>\n","protected":false},"author":1790,"featured_media":0,"comment_status":"closed","ping_status":"closed","sticky":false,"template":"","format":"standard","meta":{"fifu_image_url":"","fifu_image_alt":"","footnotes":""},"categories":[53,79],"tags":[],"class_list":["post-65756","post","type-post","status-publish","format-standard","hentry","category-algerie","category-culture"],"_links":{"self":[{"href":"https:\/\/linitiative.ca\/International\/wp-json\/wp\/v2\/posts\/65756","targetHints":{"allow":["GET"]}}],"collection":[{"href":"https:\/\/linitiative.ca\/International\/wp-json\/wp\/v2\/posts"}],"about":[{"href":"https:\/\/linitiative.ca\/International\/wp-json\/wp\/v2\/types\/post"}],"author":[{"embeddable":true,"href":"https:\/\/linitiative.ca\/International\/wp-json\/wp\/v2\/users\/1790"}],"replies":[{"embeddable":true,"href":"https:\/\/linitiative.ca\/International\/wp-json\/wp\/v2\/comments?post=65756"}],"version-history":[{"count":0,"href":"https:\/\/linitiative.ca\/International\/wp-json\/wp\/v2\/posts\/65756\/revisions"}],"wp:attachment":[{"href":"https:\/\/linitiative.ca\/International\/wp-json\/wp\/v2\/media?parent=65756"}],"wp:term":[{"taxonomy":"category","embeddable":true,"href":"https:\/\/linitiative.ca\/International\/wp-json\/wp\/v2\/categories?post=65756"},{"taxonomy":"post_tag","embeddable":true,"href":"https:\/\/linitiative.ca\/International\/wp-json\/wp\/v2\/tags?post=65756"}],"curies":[{"name":"wp","href":"https:\/\/api.w.org\/{rel}","templated":true}]}}