{"id":65760,"date":"2019-10-28T11:01:00","date_gmt":"2019-10-28T15:01:00","guid":{"rendered":"https:\/\/linitiative.ca\/International\/renouvellement-de-la-detention-provisoire-de-lakhdar-bouregaa\/"},"modified":"2019-10-28T11:01:00","modified_gmt":"2019-10-28T15:01:00","slug":"renouvellement-de-la-detention-provisoire-de-lakhdar-bouregaa","status":"publish","type":"post","link":"https:\/\/linitiative.ca\/International\/renouvellement-de-la-detention-provisoire-de-lakhdar-bouregaa\/","title":{"rendered":"Renouvellement de la d\u00e9tention provisoire de Lakhdar Bourega\u00e2"},"content":{"rendered":"<div id=\"originalText\" readability=\"47\">\n<p>Le juge d\u2019instruction pr\u00e8s le tribunal de Bir Mourad Ra\u00efs a prolong\u00e9 la d\u00e9tention provisoire de Lakhdar Bourega\u00e2, qui devait prendre fin ce jeudi, apr\u00e8s quatre mois d\u2019incarc\u00e9ration \u00e0 la prison d\u2019El Harrach, a appris Libert\u00e9 aupr\u00e8s de Me Badi Abdelghani, un des avocats de l\u2019ancien commandant de l\u2019ALN.<\/p>\n<p>En outre, le Comit\u00e9 national pour la lib\u00e9ration des d\u00e9tenus (CNLD),\u00a0qui cite\u00a0Me Alili Yamina, a indiqu\u00e9\u00a0\u00ab\u00a0le renouvellement de la d\u00e9tention provisoire de quatre mois\u00a0suppl\u00e9mentaires pour challal amokrane, notifi\u00e9\u00a0le 27\/10\/2019\u00a0\u00bb.<\/p>\n<p class=\"c11\"><iframe loading=\"lazy\" allow=\"encrypted-media\" allowtransparency=\"true\" frameborder=\"0\" height=\"217\" scrolling=\"no\" src=\"https:\/\/www.facebook.com\/plugins\/post.php?href=https%3A%2F%2Fwww.facebook.com%2FcomitenationalpourlaliberationdesdetenusCNLD%2Fposts%2F143810340322439&#038;width=500\" class=\"c10\" width=\"500\">[embedded content]<\/iframe><\/p>\n<\/div>\n<div id=\"text_core\" readability=\"47\">\n<p>Le juge d\u2019instruction pr\u00e8s le tribunal de Bir Mourad Ra\u00efs a prolong\u00e9 la d\u00e9tention provisoire de Lakhdar Bourega\u00e2, qui devait prendre fin ce jeudi, apr\u00e8s quatre mois d\u2019incarc\u00e9ration \u00e0 la prison d\u2019El Harrach, a appris Libert\u00e9 aupr\u00e8s de Me Badi Abdelghani, un des avocats de l\u2019ancien commandant de l\u2019ALN.<\/p>\n<p>En outre, le Comit\u00e9 national pour la lib\u00e9ration des d\u00e9tenus (CNLD),\u00a0qui cite\u00a0Me Alili Yamina, a indiqu\u00e9\u00a0\u00ab\u00a0le renouvellement de la d\u00e9tention provisoire de quatre mois\u00a0suppl\u00e9mentaires pour challal amokrane, notifi\u00e9\u00a0le 27\/10\/2019\u00a0\u00bb.<\/p>\n<p class=\"c11\"><iframe loading=\"lazy\" allow=\"encrypted-media\" allowtransparency=\"true\" frameborder=\"0\" height=\"217\" scrolling=\"no\" src=\"https:\/\/www.facebook.com\/plugins\/post.php?href=https%3A%2F%2Fwww.facebook.com%2FcomitenationalpourlaliberationdesdetenusCNLD%2Fposts%2F143810340322439&#038;width=500\" class=\"c10\" width=\"500\">[embedded content]<\/iframe><\/p>\n<\/div>\n<p>Auteur:<br \/>\n<a href=\"https:\/\/www.liberte-algerie.com\/actualite\/renouvellement-de-la-detention-provisoire-de-lakhdar-bouregaa-326896\">Cliquez ici pour lire l&rsquo;article depuis sa source.<\/a><\/p>\n","protected":false},"excerpt":{"rendered":"<p>Le juge d\u2019instruction pr\u00e8s le tribunal de Bir Mourad Ra\u00efs a prolong\u00e9 la d\u00e9tention provisoire de Lakhdar Bourega\u00e2, qui devait prendre fin ce jeudi, apr\u00e8s quatre mois d\u2019incarc\u00e9ration \u00e0 la prison d\u2019El Harrach, a appris Libert\u00e9 aupr\u00e8s de Me Badi Abdelghani, un des avocats de l\u2019ancien commandant de l\u2019ALN. En outre, le Comit\u00e9 national pour [&hellip;]<\/p>\n","protected":false},"author":1742,"featured_media":0,"comment_status":"closed","ping_status":"closed","sticky":false,"template":"","format":"standard","meta":{"fifu_image_url":"","fifu_image_alt":"","footnotes":""},"categories":[73,53],"tags":[],"class_list":["post-65760","post","type-post","status-publish","format-standard","hentry","category-actualite","category-algerie"],"_links":{"self":[{"href":"https:\/\/linitiative.ca\/International\/wp-json\/wp\/v2\/posts\/65760","targetHints":{"allow":["GET"]}}],"collection":[{"href":"https:\/\/linitiative.ca\/International\/wp-json\/wp\/v2\/posts"}],"about":[{"href":"https:\/\/linitiative.ca\/International\/wp-json\/wp\/v2\/types\/post"}],"author":[{"embeddable":true,"href":"https:\/\/linitiative.ca\/International\/wp-json\/wp\/v2\/users\/1742"}],"replies":[{"embeddable":true,"href":"https:\/\/linitiative.ca\/International\/wp-json\/wp\/v2\/comments?post=65760"}],"version-history":[{"count":0,"href":"https:\/\/linitiative.ca\/International\/wp-json\/wp\/v2\/posts\/65760\/revisions"}],"wp:attachment":[{"href":"https:\/\/linitiative.ca\/International\/wp-json\/wp\/v2\/media?parent=65760"}],"wp:term":[{"taxonomy":"category","embeddable":true,"href":"https:\/\/linitiative.ca\/International\/wp-json\/wp\/v2\/categories?post=65760"},{"taxonomy":"post_tag","embeddable":true,"href":"https:\/\/linitiative.ca\/International\/wp-json\/wp\/v2\/tags?post=65760"}],"curies":[{"name":"wp","href":"https:\/\/api.w.org\/{rel}","templated":true}]}}