{"id":65767,"date":"2019-10-28T13:51:35","date_gmt":"2019-10-28T17:51:35","guid":{"rendered":"https:\/\/linitiative.ca\/International\/installation-du-commissaire-detat-pres-le-tribunal-administratif-de-tissemsilt\/"},"modified":"2019-10-28T13:51:35","modified_gmt":"2019-10-28T17:51:35","slug":"installation-du-commissaire-detat-pres-le-tribunal-administratif-de-tissemsilt","status":"publish","type":"post","link":"https:\/\/linitiative.ca\/International\/installation-du-commissaire-detat-pres-le-tribunal-administratif-de-tissemsilt\/","title":{"rendered":"Installation du commissaire d&rsquo;Etat pr\u00e8s le tribunal administratif de Tissemsilt"},"content":{"rendered":"<p><span class=\"sp-nh-title\">Tizi-Ouzou: la ville alg\u00e9rienne est r\u00e9sultante de facteurs exog\u00e8nes<\/span> &#8211; <span class=\"sp-nh-date\">lundi 28 octobre 2019 18:59<\/span><\/p>\n<p><span class=\"sp-nh-title\">Le Mawlid ennabawi echarif c\u00e9l\u00e9br\u00e9 le 9 novembre<\/span> &#8211; <span class=\"sp-nh-date\">lundi 28 octobre 2019 18:53<\/span><\/p>\n<p><span class=\"sp-nh-title\">Valorisation de la moiti\u00e9 des d\u00e9chets \u00e0 l\u2019horizon 2030<\/span> &#8211; <span class=\"sp-nh-date\">lundi 28 octobre 2019 18:52<\/span><\/p>\n<p><span class=\"sp-nh-title\">Installation du commissaire d&rsquo;Etat pr\u00e8s le tribunal administratif de Tissemsilt<\/span> &#8211; <span class=\"sp-nh-date\">lundi 28 octobre 2019 18:51<\/span><\/p>\n<p><span class=\"sp-nh-title\">Des parlementaires alg\u00e9riens r\u00e9it\u00e8rent le soutien au peuple sahraoui et \u00e0 sa juste cause<\/span> &#8211; <span class=\"sp-nh-date\">lundi 28 octobre 2019 18:43<\/span><\/p>\n<p><span class=\"sp-nh-title\">Patrimoine subaquatique: une conf\u00e9rence extraordinaire du Conseil consultatif de l&rsquo;UNESCO<\/span> &#8211; <span class=\"sp-nh-date\">lundi 28 octobre 2019 18:43<\/span><\/p>\n<p><span class=\"sp-nh-title\">Industrie: signature mardi d&rsquo;une convention cadre entre Sonelgaz et le groupe Imetal<\/span> &#8211; <span class=\"sp-nh-date\">lundi 28 octobre 2019 18:41<\/span><\/p>\n<p><span class=\"sp-nh-title\">Formation professionnelle: un plan de formation des enseignants avant f\u00e9vrier<\/span> &#8211; <span class=\"sp-nh-date\">lundi 28 octobre 2019 18:36<\/span><\/p>\n<p><span class=\"sp-nh-title\">Belmehdi pr\u00e9side une r\u00e9union de la commission nationale de l&rsquo;exercice des cultes autres que musulmans<\/span> &#8211; <span class=\"sp-nh-date\">lundi 28 octobre 2019 18:35<\/span><\/p>\n<p><span class=\"sp-nh-title\">C\u00e9r\u00e9ales-Constantine: la bataille de la quantit\u00e9 gagn\u00e9e, reste celle de la qualit\u00e9<\/span> &#8211; <span class=\"sp-nh-date\">lundi 28 octobre 2019 18:31<\/span><\/p>\n<p><span class=\"sp-nh-title\">L&rsquo;Alg\u00e9rie 1er partenaire commercial de la Mauritanie en Afrique<\/span> &#8211; <span class=\"sp-nh-date\">lundi 28 octobre 2019 18:19<\/span><\/p>\n<p><span class=\"sp-nh-title\">Des v\u00e9hicules de l\u2019occupation envahissent et rasent des terres \u00e0 Ghaza<\/span> &#8211; <span class=\"sp-nh-date\">lundi 28 octobre 2019 18:08<\/span><\/p>\n<p><span class=\"sp-nh-title\">Le Conseil de la nation se prononce contre la lev\u00e9e de l&rsquo;immunit\u00e9 des s\u00e9nateurs Ali Talbi et Ahmed Ouraghi<\/span> &#8211; <span class=\"sp-nh-date\">lundi 28 octobre 2019 18:04<\/span><\/p>\n<p><span class=\"sp-nh-title\">Tassili Airlines lance une r\u00e9duction de 30% sur ses vols desservant le grand sud<\/span> &#8211; <span class=\"sp-nh-date\">lundi 28 octobre 2019 17:59<\/span><\/p>\n<p><span class=\"sp-nh-title\">Comm\u00e9moration du 61\u00e8me anniversaire de la bataille Kerdache \u00e0 T\u00e9macine<\/span> &#8211; <span class=\"sp-nh-date\">lundi 28 octobre 2019 17:40<\/span><\/p>\n<p><span class=\"sp-nh-title\">Agence d\u2019assurance qualit\u00e9 enseignement sup\u00e9rieur: le projet en voie de maturation<\/span> &#8211; <span class=\"sp-nh-date\">lundi 28 octobre 2019 17:31<\/span><\/p>\n<p><span class=\"sp-nh-title\">Centrales \u00e9lectriques photovolta\u00efques: une seule offre financi\u00e8re accept\u00e9e<\/span> &#8211; <span class=\"sp-nh-date\">lundi 28 octobre 2019 17:04<\/span><\/p>\n<p><span class=\"sp-nh-title\">Championnats arabes de v\u00e9lo de montage: l&rsquo;Alg\u00e9rie pr\u00e9sente avec 14 athl\u00e8tes<\/span> &#8211; <span class=\"sp-nh-date\">lundi 28 octobre 2019 16:52<\/span><\/p>\n<p><span class=\"sp-nh-title\">Mise en \u00e9chec de deux tentatives d\u2019\u00e9migration clandestine en mer<\/span> &#8211; <span class=\"sp-nh-date\">lundi 28 octobre 2019 16:34<\/span><\/p>\n<p><span class=\"sp-nh-title\">Foot\/Coupe arabe: Al-Quwa Al-Jawiya (Irak)-MC Alger le 7 novembre \u00e0 Bassora<\/span> &#8211; <span class=\"sp-nh-date\">lundi 28 octobre 2019 16:27<\/span><\/p>\n<p>Auteur:<br \/>\n<a href=\"http:\/\/www.aps.dz\/regions\/96486-installation-du-commissaire-d-etat-pres-le-tribunal-administratif-de-tissemsilt\">Cliquez ici pour lire l&rsquo;article depuis sa source.<\/a><\/p>\n","protected":false},"excerpt":{"rendered":"<p>Tizi-Ouzou: la ville alg\u00e9rienne est r\u00e9sultante de facteurs exog\u00e8nes &#8211; lundi 28 octobre 2019 18:59 Le Mawlid ennabawi echarif c\u00e9l\u00e9br\u00e9 le 9 novembre &#8211; lundi 28 octobre 2019 18:53 Valorisation de la moiti\u00e9 des d\u00e9chets \u00e0 l\u2019horizon 2030 &#8211; lundi 28 octobre 2019 18:52 Installation du commissaire d&rsquo;Etat pr\u00e8s le tribunal administratif de Tissemsilt &#8211; [&hellip;]<\/p>\n","protected":false},"author":1790,"featured_media":0,"comment_status":"closed","ping_status":"closed","sticky":false,"template":"","format":"standard","meta":{"fifu_image_url":"","fifu_image_alt":"","footnotes":""},"categories":[53,76],"tags":[],"class_list":["post-65767","post","type-post","status-publish","format-standard","hentry","category-algerie","category-regions"],"_links":{"self":[{"href":"https:\/\/linitiative.ca\/International\/wp-json\/wp\/v2\/posts\/65767","targetHints":{"allow":["GET"]}}],"collection":[{"href":"https:\/\/linitiative.ca\/International\/wp-json\/wp\/v2\/posts"}],"about":[{"href":"https:\/\/linitiative.ca\/International\/wp-json\/wp\/v2\/types\/post"}],"author":[{"embeddable":true,"href":"https:\/\/linitiative.ca\/International\/wp-json\/wp\/v2\/users\/1790"}],"replies":[{"embeddable":true,"href":"https:\/\/linitiative.ca\/International\/wp-json\/wp\/v2\/comments?post=65767"}],"version-history":[{"count":0,"href":"https:\/\/linitiative.ca\/International\/wp-json\/wp\/v2\/posts\/65767\/revisions"}],"wp:attachment":[{"href":"https:\/\/linitiative.ca\/International\/wp-json\/wp\/v2\/media?parent=65767"}],"wp:term":[{"taxonomy":"category","embeddable":true,"href":"https:\/\/linitiative.ca\/International\/wp-json\/wp\/v2\/categories?post=65767"},{"taxonomy":"post_tag","embeddable":true,"href":"https:\/\/linitiative.ca\/International\/wp-json\/wp\/v2\/tags?post=65767"}],"curies":[{"name":"wp","href":"https:\/\/api.w.org\/{rel}","templated":true}]}}