{"id":65770,"date":"2019-10-27T18:32:24","date_gmt":"2019-10-27T22:32:24","guid":{"rendered":"https:\/\/linitiative.ca\/International\/la-participation-politique-des-femmes-et-des-jeunes-en-debat\/"},"modified":"2019-10-27T18:32:24","modified_gmt":"2019-10-27T22:32:24","slug":"la-participation-politique-des-femmes-et-des-jeunes-en-debat","status":"publish","type":"post","link":"https:\/\/linitiative.ca\/International\/la-participation-politique-des-femmes-et-des-jeunes-en-debat\/","title":{"rendered":"La participation politique des femmes et des jeunes en d\u00e9bat"},"content":{"rendered":"<p class=\"c1\">Le Parti des Verts Marocain a organis\u00e9, dimanche \u00e0 Jerada, une session de formation pour encourager la participation politique des femmes et des jeunes.<\/p>\n<p class=\"c1\">Cette rencontre, tenue en partenariat avec le minist\u00e8re de l\u2019Int\u00e9rieur et avec la contribution du Fonds de soutien \u00e0 l\u2019encouragement de la repr\u00e9sentation des femmes, a \u00e9t\u00e9 plac\u00e9e sous le th\u00e8me \u00abLa participation politique des femmes et des jeunes, une condition pour le succ\u00e8s de tout nouveau projet de d\u00e9veloppement\u00bb.<\/p>\n<p class=\"c1\">La session de formation vise \u00e0 renforcer la prise de conscience politique de ces deux cat\u00e9gories sociales et \u00e0 promouvoir leur pr\u00e9sence effective aux conseils \u00e9lus aux \u00e9chelles locale, r\u00e9gionale et nationale, en plus de faire le bilan de la pr\u00e9sence des femmes et des jeunes dans la vie politique nationale.<\/p>\n<p class=\"c1\">Dans une d\u00e9claration \u00e0 la MAP \u00e0 cette occasion, Zoubida Lefdayel, membre du bureau politique du parti, a indiqu\u00e9 que cette session de formation vise notamment \u00e0 renforcer les connaissances des participants quant aux diff\u00e9rents textes juridiques r\u00e9gissant la participation politique, ajoutant que le Parti des Verts Marocain d\u00e9fend la parit\u00e9 et la participation politique des jeunes qui repr\u00e9sentent l\u2019avenir de la Nation.<\/p>\n<p class=\"c1\">Il s\u2019agit aussi de formuler un ensemble de recommandations et de propositions pour lutter contre l\u2019abstentionnisme politique et renforcer la participation politique des femmes et des jeunes, a-t-elle affirm\u00e9.<\/p>\n<p class=\"c1\">De son c\u00f4t\u00e9, le tr\u00e9sorier du parti, Bouchaib Naji, a relev\u00e9 que cette session de formation est la deuxi\u00e8me d\u2019une s\u00e9rie de rencontres similaires qui seront organis\u00e9es dans diff\u00e9rentes villes du Royaume, avec pour finalit\u00e9 d\u2019appuyer le processus d\u00e9mocratique en mettant l\u2019accent sur l\u2019importance de la participation des femmes et des jeunes \u00e0 l\u2019\u00e9dification du Maroc de demain.<\/p>\n<p>Auteur: Soufiane ELAHMAR<br \/>\n<a href=\"http:\/\/www.mapoujda.ma\/fr\/la-participation-politique-des-femmes-et-des-jeunes-en-debat\/\">Cliquez ici pour lire l&rsquo;article depuis sa source.<\/a><\/p>\n","protected":false},"excerpt":{"rendered":"<p>Le Parti des Verts Marocain a organis\u00e9, dimanche \u00e0 Jerada, une session de formation pour encourager la participation politique des femmes et des jeunes. Cette rencontre, tenue en partenariat avec le minist\u00e8re de l\u2019Int\u00e9rieur et avec la contribution du Fonds de soutien \u00e0 l\u2019encouragement de la repr\u00e9sentation des femmes, a \u00e9t\u00e9 plac\u00e9e sous le th\u00e8me [&hellip;]<\/p>\n","protected":false},"author":1788,"featured_media":0,"comment_status":"closed","ping_status":"closed","sticky":false,"template":"","format":"standard","meta":{"fifu_image_url":"","fifu_image_alt":"","footnotes":""},"categories":[54,76],"tags":[],"class_list":["post-65770","post","type-post","status-publish","format-standard","hentry","category-maroc","category-regions"],"_links":{"self":[{"href":"https:\/\/linitiative.ca\/International\/wp-json\/wp\/v2\/posts\/65770","targetHints":{"allow":["GET"]}}],"collection":[{"href":"https:\/\/linitiative.ca\/International\/wp-json\/wp\/v2\/posts"}],"about":[{"href":"https:\/\/linitiative.ca\/International\/wp-json\/wp\/v2\/types\/post"}],"author":[{"embeddable":true,"href":"https:\/\/linitiative.ca\/International\/wp-json\/wp\/v2\/users\/1788"}],"replies":[{"embeddable":true,"href":"https:\/\/linitiative.ca\/International\/wp-json\/wp\/v2\/comments?post=65770"}],"version-history":[{"count":0,"href":"https:\/\/linitiative.ca\/International\/wp-json\/wp\/v2\/posts\/65770\/revisions"}],"wp:attachment":[{"href":"https:\/\/linitiative.ca\/International\/wp-json\/wp\/v2\/media?parent=65770"}],"wp:term":[{"taxonomy":"category","embeddable":true,"href":"https:\/\/linitiative.ca\/International\/wp-json\/wp\/v2\/categories?post=65770"},{"taxonomy":"post_tag","embeddable":true,"href":"https:\/\/linitiative.ca\/International\/wp-json\/wp\/v2\/tags?post=65770"}],"curies":[{"name":"wp","href":"https:\/\/api.w.org\/{rel}","templated":true}]}}