{"id":65771,"date":"2019-10-28T06:30:00","date_gmt":"2019-10-28T10:30:00","guid":{"rendered":"https:\/\/linitiative.ca\/International\/comment-des-creatifs-traquent-les-fake-news\/"},"modified":"2019-10-28T06:30:00","modified_gmt":"2019-10-28T10:30:00","slug":"comment-des-creatifs-traquent-les-fake-news","status":"publish","type":"post","link":"https:\/\/linitiative.ca\/International\/comment-des-creatifs-traquent-les-fake-news\/","title":{"rendered":"Comment des cr\u00e9atifs traquent les fake news"},"content":{"rendered":"<div readability=\"34\">\n<p>Un concours de jeunes talents cr\u00e9atifs \u00e0 Casablanca<\/p>\n<p>Le climat et la sant\u00e9 en toile de fond<\/p>\n<\/div>\n<div readability=\"123.760840411\">\n<p class=\"rtejustify\">Les cr\u00e9atifs publicitaires s\u2019engagent contre la d\u00e9sinformation (fake news). C\u2019est dans ce contexte que l\u2019Union francophone organise le concours de Jeunes talents de la publicit\u00e9. Le concours \u00abJeunes talents\u00bb de Casablanca se tiendra du 19 au 21 novembre prochain. Il mettra en comp\u00e9tition des jeunes \u00e2g\u00e9s de 30 ans et moins autour des th\u00e9matiques du r\u00e9chauffement climatique et la sant\u00e9.<\/p>\n<p class=\"rtejustify\">\u00abPour y participer, chaque jeune talent doit imp\u00e9rativement travailler en agence de publicit\u00e9. Les profils cibl\u00e9s sont les concepteurs r\u00e9dacteurs, designers, directeurs artistiques, planneurs strat\u00e9giques, m\u00e9dia planneurs, chefs de pub ou charg\u00e9s de projet, community manager\u2026 issus des agences de publicit\u00e9, digitales, RP et media\u00bb, pr\u00e9cise Christian Cappe, fondateur et pr\u00e9sident de l\u2019Union francophone.<\/p>\n<p class=\"rtejustify\">Le concours a \u00e9t\u00e9 cr\u00e9\u00e9 pour offrir une opportunit\u00e9 de formation avec une mise en situation. L\u2019id\u00e9e est de cr\u00e9er des projets de campagnes publicitaires en deux journ\u00e9es maximum. A l\u2019issue de cette p\u00e9riode, ils doivent tenter de convaincre les m\u00e9dias locaux membres du jury, en un temps limit\u00e9, soit 6 minutes. Le concours fait appel au sens du travail collectif, puisque les campagnes sont cr\u00e9\u00e9es par des \u00e9quipes de deux ou trois, avec le souci de servir l\u2019int\u00e9r\u00eat g\u00e9n\u00e9ral.<\/p>\n<p class=\"rtejustify\">Les candidats retenus seront environ 16. Les campagnes prim\u00e9es pourront \u00eatre diffus\u00e9es. \u00abPour renforcer la qualit\u00e9 de leurs travaux, des experts de la publicit\u00e9, du climat et de la communication viendront briefer les jeunes talents\u00bb, expliquent les organisateurs.<\/p>\n<p class=\"rtejustify\">Organis\u00e9e dans pr\u00e8s de 15 villes du monde (Beyrouth, Gen\u00e8ve, Abidjan, Dakar, Sao Paulo, Montr\u00e9al, Kigali, Nairobi\u2026), l\u2019\u00e9v\u00e8nement identifiera les repr\u00e9sentants marocains au concours des \u00abJeunes talents\u00bb pour la semaine de la langue fran\u00e7aise et de la francophonie 2020. Les inscriptions sont ouvertes en ligne, depuis le 11 octobre dernier, via le lien <a href=\"http:\/\/les-concours-jeunes-talents-de-la-publicite.evenium.net\">http:\/\/les-concours-jeunes-talents-de-la-publicite.evenium.net<\/a>.<\/p>\n<p class=\"rtejustify\">Les enjeux sont multiples et vari\u00e9s. En premier, sensibiliser l\u2019opinion publique, en particulier les climatosceptiques contre les \u00abinfox\u00bb (en lieu et place de fake news) sur le r\u00e9chauffement climatique. Le deuxi\u00e8me est d\u2019\u00e9riger le Maroc comme une plateforme d\u2019\u00e9mergence de talents et renforcer le business \u00e0 destination de l\u2019Afrique. \u00abDe ce point de vue, le Maroc a une strat\u00e9gie claire et performante en termes de d\u00e9veloppement\u00bb.<\/p>\n<p class=\"rtejustify\">Autre enjeu: \u00abendiguer les fausses informations sur les vaccins\u00bb, affirment les organisateurs. L\u2019initiative de l\u2019Union francophone, soutenue par le minist\u00e8re de la Culture (d\u00e9l\u00e9gation g\u00e9n\u00e9rale \u00e0 la langue fran\u00e7aise et aux langues de France), vise \u00e0 faire \u00e9merger de nouveaux talents, r\u00e9v\u00e9ler de jeunes cr\u00e9atifs du monde francophone ou encore renforcer la communaut\u00e9 \u00e0 l\u2019\u00e9chelle mondiale. Mais au-del\u00e0, les faire \u00abexister sur les r\u00e9seaux sociaux\u00bb, principaux canaux de propagation des fake news.<\/p>\n<p class=\"rtejustify\">Vecteur de fausses infos et d\u2019intox en tous genres et souvent montr\u00e9s du doigt, les r\u00e9seaux sociaux arrivent en t\u00eate des usages au Maroc, avec 96,4% des internautes. Selon une enqu\u00eate de l\u2019Agence nationale de r\u00e9glementation des t\u00e9l\u00e9communications (ANRT), plus de 20,1 millions de personnes se connectent aux r\u00e9seaux sociaux.<\/p>\n<p class=\"rtejustify\">Cette utilisation est g\u00e9n\u00e9ralis\u00e9e, ind\u00e9pendamment de l\u2019\u00e2ge et du genre. Les jeunes \u00e2g\u00e9s de 12 \u00e0 24 ans sont ceux qui fr\u00e9quentent massivement le \u00absocial m\u00e9dia\u00bb. Selon l\u2019enqu\u00eate de l\u2019ANRT, le divertissement (95,2%) et l\u2019actualit\u00e9 (86,1%) sont les principales motivations d\u2019\u00e9quipement des m\u00e9nages marocains en acc\u00e8s internet, suivies des usages professionnels et scolaires.<\/p>\n<blockquote readability=\"10\">\n<p class=\"rtecenter\"><strong><span class=\"c4\">Carte de visite<\/span><\/strong><\/p>\n<p class=\"rtejustify\">Cr\u00e9\u00e9e en 2016, l\u2019Union francophone est une organisation internationale qui se fixe pour ambition d\u2019aider \u00e0 la cr\u00e9ation d\u2019un march\u00e9 commun de pays francophones pour les industries de la cr\u00e9ation et de la communication ou encore renforcer le d\u00e9nominateur commun: la langue fran\u00e7aise. Cette structure se positionne comme un facilitateur d\u2019\u00e9changes commerciaux et de d\u00e9tection de talents. Les \u00e9v\u00e8nements de l\u2019Union s\u2019articulent autour de trois axes: les concours jeunes talents de la publicit\u00e9, les conf\u00e9rences et d\u00e9bats principalement d\u00e9di\u00e9s au d\u00e9veloppement \u00e9conomique de l\u2019industrie de la communication et de la cr\u00e9ation et enfin la promotion de la cr\u00e9ation de contenus exportables.<\/p>\n<\/blockquote>\n<p class=\"rtejustify\"><em>M.Ko.<\/em><\/p>\n<p class=\"rtejustify\">\u00a0<\/p>\n<\/div>\n<p>Auteur: hlafriqi<br \/>\n<a href=\"https:\/\/www.leconomiste.com\/article\/1052257-comment-des-creatifs-traquent-les-fake-news\">Cliquez ici pour lire l&rsquo;article depuis sa source.<\/a><\/p>\n","protected":false},"excerpt":{"rendered":"<p>Un concours de jeunes talents cr\u00e9atifs \u00e0 Casablanca Le climat et la sant\u00e9 en toile de fond Les cr\u00e9atifs publicitaires s\u2019engagent contre la d\u00e9sinformation (fake news). C\u2019est dans ce contexte que l\u2019Union francophone organise le concours de Jeunes talents de la publicit\u00e9. Le concours \u00abJeunes talents\u00bb de Casablanca se tiendra du 19 au 21 novembre [&hellip;]<\/p>\n","protected":false},"author":1763,"featured_media":0,"comment_status":"closed","ping_status":"closed","sticky":false,"template":"","format":"standard","meta":{"fifu_image_url":"","fifu_image_alt":"","footnotes":""},"categories":[78,54],"tags":[],"class_list":["post-65771","post","type-post","status-publish","format-standard","hentry","category-economie","category-maroc"],"_links":{"self":[{"href":"https:\/\/linitiative.ca\/International\/wp-json\/wp\/v2\/posts\/65771","targetHints":{"allow":["GET"]}}],"collection":[{"href":"https:\/\/linitiative.ca\/International\/wp-json\/wp\/v2\/posts"}],"about":[{"href":"https:\/\/linitiative.ca\/International\/wp-json\/wp\/v2\/types\/post"}],"author":[{"embeddable":true,"href":"https:\/\/linitiative.ca\/International\/wp-json\/wp\/v2\/users\/1763"}],"replies":[{"embeddable":true,"href":"https:\/\/linitiative.ca\/International\/wp-json\/wp\/v2\/comments?post=65771"}],"version-history":[{"count":0,"href":"https:\/\/linitiative.ca\/International\/wp-json\/wp\/v2\/posts\/65771\/revisions"}],"wp:attachment":[{"href":"https:\/\/linitiative.ca\/International\/wp-json\/wp\/v2\/media?parent=65771"}],"wp:term":[{"taxonomy":"category","embeddable":true,"href":"https:\/\/linitiative.ca\/International\/wp-json\/wp\/v2\/categories?post=65771"},{"taxonomy":"post_tag","embeddable":true,"href":"https:\/\/linitiative.ca\/International\/wp-json\/wp\/v2\/tags?post=65771"}],"curies":[{"name":"wp","href":"https:\/\/api.w.org\/{rel}","templated":true}]}}