{"id":65791,"date":"2019-10-28T06:27:00","date_gmt":"2019-10-28T10:27:00","guid":{"rendered":"https:\/\/linitiative.ca\/International\/dorothee-myriam-kellou-et-lina-soualem-aux-journees-cinematographiques-de-carthage-tunis-a-la-recherche-des-origines-familiales\/"},"modified":"2019-10-28T06:27:00","modified_gmt":"2019-10-28T10:27:00","slug":"dorothee-myriam-kellou-et-lina-soualem-aux-journees-cinematographiques-de-carthage-tunis-a-la-recherche-des-origines-familiales","status":"publish","type":"post","link":"https:\/\/linitiative.ca\/International\/dorothee-myriam-kellou-et-lina-soualem-aux-journees-cinematographiques-de-carthage-tunis-a-la-recherche-des-origines-familiales\/","title":{"rendered":"Doroth\u00e9e Myriam Kellou et Lina Soualem aux Journ\u00e9es cin\u00e9matographiques de Carthage (Tunis) :  \u00e0 la recherche des origines familiales"},"content":{"rendered":"<p>Deux r\u00e9alisatrices franco-alg\u00e9riennes, Doroth\u00e9e Myriam Kellou et Lina Soualem participent aux Journ\u00e9es cin\u00e9matographiques de Carthage qui viennent de s\u2019ouvrir en Tunisie. Leur particularit\u00e9 est qu\u2019elles proposent chacune un documentaire \u00e9mouvant sur la m\u00e9moire et l\u2019identit\u00e9. Doroth\u00e9e-Myriam Kellou, dont la m\u00e8re est fran\u00e7aise, est la fille de Malek Kellou, r\u00e9alisateur qui a notamment r\u00e9alis\u00e9 des films pour la RTA d\u2019antan. Elle a r\u00e9alis\u00e9 le documentaire \u2018\u2018A Mansourah, tu nous as s\u00e9par\u00e9s\u2019\u2019. Ce documentaire, prim\u00e9 \u00e0 plusieurs reprises dans des festivals de par le monde, \u00e9voque la p\u00e9riode des regroupements d\u2019Alg\u00e9riens dans des villages entour\u00e9s de barbel\u00e9s, le reste de la r\u00e9gion \u00e9tant d\u00e9clar\u00e9 zone interdite. Dans la nouvelle s\u00e9lection \u2018\u2018Diapora\u2019\u2019, ce film sera projet\u00e9 plusieurs fois \u00e0 partir de ce mardi 29 octobre.<\/p>\n<p>La deuxi\u00e8me r\u00e9alisatrice de cette section \u2018\u2018Diaspora\u2019\u2019 sera la franco-alg\u00e9ro-palestinienne Lina Soualem qui a remport\u00e9 le premier prix \u201cDocs in Progress\u201d au march\u00e9 du film au festival de Cannes, pour son film \u2018\u2018Leur Alg\u00e9rie\u2019\u2019. Le film raconte l\u2019histoire des grands-parents de la r\u00e9alisatrice. Immigr\u00e9s en Auvergne en France dans les ann\u00e9es 50, ce couple divorce apr\u00e8s plus de six d\u00e9cennies de mariage. Lina va \u00e0 travers son film relater les conditions de leur immigration, leur vie dans un pays \u00e9tranger. Fille de l\u2019actrice Hiam Abbass et du com\u00e9dien Zinedine Soualem, Lina Soualem a, comme Myriam Kellou, suivi les traces de son p\u00e8re pour entamer une carri\u00e8re dans le cin\u00e9ma.<\/p>\n<p>Outre les films, les deux jeunes r\u00e9alisatrices alg\u00e9riennes devaient participer \u00a0dimanche \u00e0 la cit\u00e9 de la culture \u00e0 une conversation sur le sujet du \u2018\u2018cin\u00e9ma de la diaspora\u00a0\u00bb avec <a href=\"https:\/\/www.facebook.com\/hind.meddeb?__tn__=%2CdK-R-R&#038;eid=ARDI1fu1EyHjSCfTFdlOwipHzgPC1rs3iBStRHRw6hiYQmlhRRdLUHLoRsBbgAZfptGZjJKA7lMudaQy&#038;fref=mentions\" title=\"Hind Meddeb\">Hind Meddeb<\/a> (r\u00e9alisatrice et journaliste &#8211; Paris-Stalingrad, 2019), et Menel Labidi (r\u00e9alisatrice &#8211; Un Divan \u00e0 Tunis, 2019).<\/p>\n<p><strong>R\u00e9daction El Moudjahid Web<\/strong><\/p>\n<p>Auteur: elmoudjahid<br \/>\n<a href=\"http:\/\/www.elmoudjahid.com\/fr\/actualites\/143711\">Cliquez ici pour lire l&rsquo;article depuis sa source.<\/a><\/p>\n","protected":false},"excerpt":{"rendered":"<p>Deux r\u00e9alisatrices franco-alg\u00e9riennes, Doroth\u00e9e Myriam Kellou et Lina Soualem participent aux Journ\u00e9es cin\u00e9matographiques de Carthage qui viennent de s\u2019ouvrir en Tunisie. Leur particularit\u00e9 est qu\u2019elles proposent chacune un documentaire \u00e9mouvant sur la m\u00e9moire et l\u2019identit\u00e9. Doroth\u00e9e-Myriam Kellou, dont la m\u00e8re est fran\u00e7aise, est la fille de Malek Kellou, r\u00e9alisateur qui a notamment r\u00e9alis\u00e9 des films [&hellip;]<\/p>\n","protected":false},"author":1744,"featured_media":0,"comment_status":"closed","ping_status":"closed","sticky":false,"template":"","format":"standard","meta":{"fifu_image_url":"","fifu_image_alt":"","footnotes":""},"categories":[73,53],"tags":[],"class_list":["post-65791","post","type-post","status-publish","format-standard","hentry","category-actualite","category-algerie"],"_links":{"self":[{"href":"https:\/\/linitiative.ca\/International\/wp-json\/wp\/v2\/posts\/65791","targetHints":{"allow":["GET"]}}],"collection":[{"href":"https:\/\/linitiative.ca\/International\/wp-json\/wp\/v2\/posts"}],"about":[{"href":"https:\/\/linitiative.ca\/International\/wp-json\/wp\/v2\/types\/post"}],"author":[{"embeddable":true,"href":"https:\/\/linitiative.ca\/International\/wp-json\/wp\/v2\/users\/1744"}],"replies":[{"embeddable":true,"href":"https:\/\/linitiative.ca\/International\/wp-json\/wp\/v2\/comments?post=65791"}],"version-history":[{"count":0,"href":"https:\/\/linitiative.ca\/International\/wp-json\/wp\/v2\/posts\/65791\/revisions"}],"wp:attachment":[{"href":"https:\/\/linitiative.ca\/International\/wp-json\/wp\/v2\/media?parent=65791"}],"wp:term":[{"taxonomy":"category","embeddable":true,"href":"https:\/\/linitiative.ca\/International\/wp-json\/wp\/v2\/categories?post=65791"},{"taxonomy":"post_tag","embeddable":true,"href":"https:\/\/linitiative.ca\/International\/wp-json\/wp\/v2\/tags?post=65791"}],"curies":[{"name":"wp","href":"https:\/\/api.w.org\/{rel}","templated":true}]}}