{"id":65792,"date":"2019-10-28T15:19:16","date_gmt":"2019-10-28T19:19:16","guid":{"rendered":"https:\/\/linitiative.ca\/International\/gaid-salah-en-visite-mardi-a-lhopital-central-de-larmee\/"},"modified":"2019-10-28T15:19:16","modified_gmt":"2019-10-28T19:19:16","slug":"gaid-salah-en-visite-mardi-a-lhopital-central-de-larmee","status":"publish","type":"post","link":"https:\/\/linitiative.ca\/International\/gaid-salah-en-visite-mardi-a-lhopital-central-de-larmee\/","title":{"rendered":"Ga\u00efd Salah en visite mardi \u00e0 l&rsquo;H\u00f4pital Central de l&rsquo;Arm\u00e9e"},"content":{"rendered":"<p>Le G\u00e9n\u00e9ral de Corps d\u2019Arm\u00e9e, Ahmed Ga\u00efd Salah, vice-ministre de la D\u00e9fense nationale, Chef d\u2019Etat de l\u2019Arm\u00e9e nationale populaire (ANP), effectue, demain mardi, une visite d&rsquo;inspection et d&rsquo;inauguration au niveau de l&rsquo;h\u00f4pital Central de l&rsquo;Arm\u00e9e Docteur Nekkache Mohamed Seghir en 1\u00e8re R\u00e9gion militaire (RM), indique, lundi dans un communiqu\u00e9, le minist\u00e8re de la D\u00e9fense nationale (MDN). \u00ab\u00a0Cette visite constituera une opportunit\u00e9 au G\u00e9n\u00e9ral de Corps d\u2019Arm\u00e9e pour\u00a0\u00a0 inaugurer le Centre m\u00e9dico-chirurgical de jour et d&rsquo;internat, qui intervient dans le cadre de la politique de d\u00e9veloppement des\u00a0\u00a0 infrastructures hospitali\u00e8res militaires, en concordance avec les d\u00e9veloppements du domaine m\u00e9dical et en r\u00e9ponse aux besoins des personnels de l&rsquo;ANP dans ce secteur important\u00a0\u00bb, conclut le MDN.<\/p>\n<p>Auteur: elmoudjahid<br \/>\n<a href=\"http:\/\/www.elmoudjahid.com\/fr\/actualites\/143712\">Cliquez ici pour lire l&rsquo;article depuis sa source.<\/a><\/p>\n","protected":false},"excerpt":{"rendered":"<p>Le G\u00e9n\u00e9ral de Corps d\u2019Arm\u00e9e, Ahmed Ga\u00efd Salah, vice-ministre de la D\u00e9fense nationale, Chef d\u2019Etat de l\u2019Arm\u00e9e nationale populaire (ANP), effectue, demain mardi, une visite d&rsquo;inspection et d&rsquo;inauguration au niveau de l&rsquo;h\u00f4pital Central de l&rsquo;Arm\u00e9e Docteur Nekkache Mohamed Seghir en 1\u00e8re R\u00e9gion militaire (RM), indique, lundi dans un communiqu\u00e9, le minist\u00e8re de la D\u00e9fense nationale [&hellip;]<\/p>\n","protected":false},"author":1744,"featured_media":0,"comment_status":"closed","ping_status":"closed","sticky":false,"template":"","format":"standard","meta":{"fifu_image_url":"","fifu_image_alt":"","footnotes":""},"categories":[73,53],"tags":[],"class_list":["post-65792","post","type-post","status-publish","format-standard","hentry","category-actualite","category-algerie"],"_links":{"self":[{"href":"https:\/\/linitiative.ca\/International\/wp-json\/wp\/v2\/posts\/65792","targetHints":{"allow":["GET"]}}],"collection":[{"href":"https:\/\/linitiative.ca\/International\/wp-json\/wp\/v2\/posts"}],"about":[{"href":"https:\/\/linitiative.ca\/International\/wp-json\/wp\/v2\/types\/post"}],"author":[{"embeddable":true,"href":"https:\/\/linitiative.ca\/International\/wp-json\/wp\/v2\/users\/1744"}],"replies":[{"embeddable":true,"href":"https:\/\/linitiative.ca\/International\/wp-json\/wp\/v2\/comments?post=65792"}],"version-history":[{"count":0,"href":"https:\/\/linitiative.ca\/International\/wp-json\/wp\/v2\/posts\/65792\/revisions"}],"wp:attachment":[{"href":"https:\/\/linitiative.ca\/International\/wp-json\/wp\/v2\/media?parent=65792"}],"wp:term":[{"taxonomy":"category","embeddable":true,"href":"https:\/\/linitiative.ca\/International\/wp-json\/wp\/v2\/categories?post=65792"},{"taxonomy":"post_tag","embeddable":true,"href":"https:\/\/linitiative.ca\/International\/wp-json\/wp\/v2\/tags?post=65792"}],"curies":[{"name":"wp","href":"https:\/\/api.w.org\/{rel}","templated":true}]}}