{"id":65793,"date":"2019-10-28T13:01:00","date_gmt":"2019-10-28T17:01:00","guid":{"rendered":"https:\/\/linitiative.ca\/International\/m-hassan-rabehi-la-presse-nationale-soucieuse-de-laccompagnement-du-developpement-du-pays-a-laube-des-elections-presidentielles\/"},"modified":"2019-10-28T13:01:00","modified_gmt":"2019-10-28T17:01:00","slug":"m-hassan-rabehi-la-presse-nationale-soucieuse-de-laccompagnement-du-developpement-du-pays-a-laube-des-elections-presidentielles","status":"publish","type":"post","link":"https:\/\/linitiative.ca\/International\/m-hassan-rabehi-la-presse-nationale-soucieuse-de-laccompagnement-du-developpement-du-pays-a-laube-des-elections-presidentielles\/","title":{"rendered":"M. Hassan Rabehi  : \u00ab La presse nationale soucieuse de l&rsquo;accompagnement du d\u00e9veloppement du pays \u00e0 l&rsquo;aube des \u00e9lections pr\u00e9sidentielles \u00bb"},"content":{"rendered":"<p>Le ministre de la Communication, Porte-parole du gouvernement, ministre de la Culture par int\u00e9rim, Hassan Rabehi a affirm\u00e9, ce lundi \u00e0 Alger, que la presse nationale, \u00e0 sa t\u00eate l&rsquo;audiovisuel, \u00e9tait\u00a0\u00a0 soucieuse de l&rsquo;accompagnement du d\u00e9veloppement du pays \u00e0 l&rsquo;aube d&rsquo;un rendez-vous crucial, \u00e0 savoir l&rsquo;\u00e9lection pr\u00e9sidentielle du 12 d\u00e9cembre prochain.<\/p>\n<p>\u00ab\u00a0\u00a0Nous sommes convaincus que la presse, \u00e0 l&rsquo;instar de toutes les institutions et franges du peuple, mesure en cette conjoncture particuli\u00e8re, l&rsquo;imp\u00e9ratif de se mobiliser pour amorcer une nouvelle \u00e9tape dans le processus d&rsquo;\u00e9dification et de stabilit\u00e9 auquel nous aspirons tous, par loyaut\u00e9 aux combats de nos anc\u00eatres et en hommage \u00e0 leurs \u00e9normes sacrifices\u00a0\u00bb, d\u00e9clar\u00e9 le ministre dans une allocution \u00e0 l&rsquo;occasion de la comm\u00e9moration du 57e anniversaire du recouvrement de la souverainet\u00e9 nationale sur la Radio et T\u00e9l\u00e9vision alg\u00e9rienne (RTA), le 28 octobre 1962.\u00a0<\/p>\n<p>M. Rabehi a rappel\u00e9 que la premi\u00e8re g\u00e9n\u00e9ration des enfants de la RTA, \u00ab\u00a0avaient relev\u00e9 tous les d\u00e9fis, \u00e0 commencer par l&rsquo;action\u00a0 militante, \u00e0 travers les ondes de la Radio secr\u00e8te, puis en assurant la continuit\u00e9 de la diffusion et la formation des comp\u00e9tences nationales, qui ont port\u00e9 le flambeau g\u00e9n\u00e9ration apr\u00e8s l&rsquo;autre\u00a0\u00bb.\u00a0<\/p>\n<p>Il a salu\u00e9, dans ce sens, \u00ab\u00a0l&rsquo;apport de l&rsquo;ensemble de ces comp\u00e9tences \u00e0 la cons\u00e9cration de la souverainet\u00e9 nationale sur cet \u00e9tablissement m\u00e9diatique strat\u00e9gique, demeur\u00e9 fid\u00e8le \u00e0 sa mission sacr\u00e9e de d\u00e9fense de l&rsquo;int\u00e9r\u00eat du pays et d&rsquo;accompagnement des aspirations et besoins croissants de toutes les cat\u00e9gories sociales\u00a0\u00bb.\u00a0<\/p>\n<p>Auteur: elmoudjahid<br \/>\n<a href=\"http:\/\/www.elmoudjahid.com\/fr\/actualites\/143713\">Cliquez ici pour lire l&rsquo;article depuis sa source.<\/a><\/p>\n","protected":false},"excerpt":{"rendered":"<p>Le ministre de la Communication, Porte-parole du gouvernement, ministre de la Culture par int\u00e9rim, Hassan Rabehi a affirm\u00e9, ce lundi \u00e0 Alger, que la presse nationale, \u00e0 sa t\u00eate l&rsquo;audiovisuel, \u00e9tait\u00a0\u00a0 soucieuse de l&rsquo;accompagnement du d\u00e9veloppement du pays \u00e0 l&rsquo;aube d&rsquo;un rendez-vous crucial, \u00e0 savoir l&rsquo;\u00e9lection pr\u00e9sidentielle du 12 d\u00e9cembre prochain. \u00ab\u00a0\u00a0Nous sommes convaincus que [&hellip;]<\/p>\n","protected":false},"author":1744,"featured_media":0,"comment_status":"closed","ping_status":"closed","sticky":false,"template":"","format":"standard","meta":{"fifu_image_url":"","fifu_image_alt":"","footnotes":""},"categories":[73,53],"tags":[],"class_list":["post-65793","post","type-post","status-publish","format-standard","hentry","category-actualite","category-algerie"],"_links":{"self":[{"href":"https:\/\/linitiative.ca\/International\/wp-json\/wp\/v2\/posts\/65793","targetHints":{"allow":["GET"]}}],"collection":[{"href":"https:\/\/linitiative.ca\/International\/wp-json\/wp\/v2\/posts"}],"about":[{"href":"https:\/\/linitiative.ca\/International\/wp-json\/wp\/v2\/types\/post"}],"author":[{"embeddable":true,"href":"https:\/\/linitiative.ca\/International\/wp-json\/wp\/v2\/users\/1744"}],"replies":[{"embeddable":true,"href":"https:\/\/linitiative.ca\/International\/wp-json\/wp\/v2\/comments?post=65793"}],"version-history":[{"count":0,"href":"https:\/\/linitiative.ca\/International\/wp-json\/wp\/v2\/posts\/65793\/revisions"}],"wp:attachment":[{"href":"https:\/\/linitiative.ca\/International\/wp-json\/wp\/v2\/media?parent=65793"}],"wp:term":[{"taxonomy":"category","embeddable":true,"href":"https:\/\/linitiative.ca\/International\/wp-json\/wp\/v2\/categories?post=65793"},{"taxonomy":"post_tag","embeddable":true,"href":"https:\/\/linitiative.ca\/International\/wp-json\/wp\/v2\/tags?post=65793"}],"curies":[{"name":"wp","href":"https:\/\/api.w.org\/{rel}","templated":true}]}}