{"id":65795,"date":"2019-10-28T11:11:38","date_gmt":"2019-10-28T15:11:38","guid":{"rendered":"https:\/\/linitiative.ca\/International\/96466-gagner-une-can-pour-mon-pays-a-ete-un-grand-moment-pour-moi\/"},"modified":"2019-10-28T11:11:38","modified_gmt":"2019-10-28T15:11:38","slug":"96466-gagner-une-can-pour-mon-pays-a-ete-un-grand-moment-pour-moi","status":"publish","type":"post","link":"https:\/\/linitiative.ca\/International\/96466-gagner-une-can-pour-mon-pays-a-ete-un-grand-moment-pour-moi\/","title":{"rendered":"\u00ab\u00a0Gagner une CAN pour mon pays a \u00e9t\u00e9 un grand moment pour moi\u00a0\u00bb"},"content":{"rendered":"<div readability=\"36\">\n<p><strong>LONDRES- L&rsquo;ailier international alg\u00e9rien de Manchester City (Premier league anglaise de football) Riyad Mahrez est revenu sur la Coupe d&rsquo;Afrique des nations CAN-2019 remport\u00e9e en juillet dernier avec l&rsquo;\u00e9quipe nationale en Egypte, estimant qu&rsquo;il repr\u00e9sentait \u00ab\u00a0la meilleure \u00e9motion de ma carri\u00e8re\u00a0\u00bb.<\/strong><\/p>\n<\/div>\n<div readability=\"77\">\n<p>\u00ab\u00a0Gagner une CAN\u00a0 pour mon pays a \u00e9t\u00e9 un grand moment pour moi. Ce fut l&rsquo;une des meilleures \u00e9motions que j&rsquo;ai eues dans ma carri\u00e8re et dans ma vie. Cela signifie beaucoup pour moi. C&rsquo;est une grande responsabilit\u00e9, mais je pense que cela me rend plus inspir\u00e9 et je pense que je dois aider et donner plus pour aider. Ce fut un grand moment et \u00e9motionnel. C&rsquo;\u00e9tait inoubliable\u00a0\u00bb, a indiqu\u00e9 Mahrez dans un entretien accord\u00e9 lundi au quotidien anglais The Guardian.<\/p>\n<p>Le capitaine de l&rsquo;\u00e9quipe nationale (28 ans) \u00e9tait l&rsquo;un des hommes cl\u00e9s du titre continental reconquis par les Verts, apr\u00e8s 29 ans de disette. Le joueur des \u00ab\u00a0Cityzens\u00a0\u00bb a marqu\u00e9 trois buts dans ce tournoi, dont celui en demi-finale face au Nigeria (2-1), d&rsquo;un superbe coup franc direct dans le temps additionnel.<\/p>\n<blockquote readability=\"15\">\n<p><em><strong>\u00ab\u00a0J&rsquo;ai regard\u00e9 le chronom\u00e8tre et j&rsquo;ai vu qu&rsquo;il \u00e9tait 90 minutes pass\u00e9es. Je savais que c&rsquo;\u00e9tait la derni\u00e8re chance avant les prolongations, alors j&rsquo;\u00e9tais tr\u00e8s concentr\u00e9. Au d\u00e9but, je voulais le mettre sous le mur, puis j&rsquo;ai vu le gars derri\u00e8re le mur, alors je me suis concentr\u00e9 du c\u00f4t\u00e9 du gardien et j&rsquo;ai marqu\u00e9. Ce fut un grand moment pour moi et j&rsquo;\u00e9tais tr\u00e8s heureux et incroyable pour le pays. Parfois, je regarde la vid\u00e9o et je me dis: \u00ab\u00a0Waouh, qu\u2019ai-je fait?\u00a0\u00bb C\u2019est incroyable\u00a0\u00bb, a-t-il ajout\u00e9.<\/strong><\/em><\/p>\n<\/blockquote>\n<p>Avant d&rsquo;encha\u00eener : \u00ab\u00a0J&rsquo;ai toujours regard\u00e9 l&rsquo;Alg\u00e9rie et ils n&rsquo;ont jamais gagn\u00e9 ce genre de chose. Leur derni\u00e8re victoire remonte \u00e0 29 ans et je ne suis m\u00eame pas n\u00e9. Pour moi, c&rsquo;\u00e9tait une grande ambition d&rsquo;essayer d&rsquo;apporter quelque chose pour le pays, car c&rsquo;est un grand pays du football. Le d\u00e9sir \u00e9tait de tout donner et de leur donner quelque chose\u00a0\u00bb, a-t-il conclu.<\/p>\n<p>Pour sa premi\u00e8re saison sous le maillot des Citizens,\u00a0 Mahrez a remport\u00e9 le quadrupl\u00e9: Premier League &#8211; FA Cup &#8211; Carabao Cup &#8211; Community Shield, tout en ayant des statistiques correctes (12 buts, 12 passes toutes comp\u00e9titions confondues), en d\u00e9pit d&rsquo;un volume de jeu tout juste moyen.<\/p>\n<p>Il figure dans la liste des 30 joueurs nomm\u00e9s au Ballon d&rsquo;Or 2019 France Football, dont le laur\u00e9at sera connu le 2 d\u00e9cembre prochain, au cours d&rsquo;une c\u00e9r\u00e9monie pr\u00e9vue au Th\u00e9\u00e2tre du Ch\u00e2telet, \u00e0 Paris, avec Sandy H\u00e9ribert et<\/p>\n<p>Didier Drogba en ma\u00eetres de c\u00e9r\u00e9monie.<\/p>\n<\/div>\n<p>Auteur:<br \/>\n<a href=\"http:\/\/www.aps.dz\/sport\/96466-gagner-une-can-pour-mon-pays-a-ete-un-grand-moment-pour-moi?utm_source=feedburner&#038;utm_medium=feed&#038;utm_campaign=Feed%3A+aps-sport+%28APS+-+SPORT%29\">Cliquez ici pour lire l&rsquo;article depuis sa source.<\/a><\/p>\n","protected":false},"excerpt":{"rendered":"<p>LONDRES- L&rsquo;ailier international alg\u00e9rien de Manchester City (Premier league anglaise de football) Riyad Mahrez est revenu sur la Coupe d&rsquo;Afrique des nations CAN-2019 remport\u00e9e en juillet dernier avec l&rsquo;\u00e9quipe nationale en Egypte, estimant qu&rsquo;il repr\u00e9sentait \u00ab\u00a0la meilleure \u00e9motion de ma carri\u00e8re\u00a0\u00bb. \u00ab\u00a0Gagner une CAN\u00a0 pour mon pays a \u00e9t\u00e9 un grand moment pour moi. Ce [&hellip;]<\/p>\n","protected":false},"author":1790,"featured_media":0,"comment_status":"closed","ping_status":"closed","sticky":false,"template":"","format":"standard","meta":{"fifu_image_url":"","fifu_image_alt":"","footnotes":""},"categories":[53,75],"tags":[],"class_list":["post-65795","post","type-post","status-publish","format-standard","hentry","category-algerie","category-sport"],"_links":{"self":[{"href":"https:\/\/linitiative.ca\/International\/wp-json\/wp\/v2\/posts\/65795","targetHints":{"allow":["GET"]}}],"collection":[{"href":"https:\/\/linitiative.ca\/International\/wp-json\/wp\/v2\/posts"}],"about":[{"href":"https:\/\/linitiative.ca\/International\/wp-json\/wp\/v2\/types\/post"}],"author":[{"embeddable":true,"href":"https:\/\/linitiative.ca\/International\/wp-json\/wp\/v2\/users\/1790"}],"replies":[{"embeddable":true,"href":"https:\/\/linitiative.ca\/International\/wp-json\/wp\/v2\/comments?post=65795"}],"version-history":[{"count":0,"href":"https:\/\/linitiative.ca\/International\/wp-json\/wp\/v2\/posts\/65795\/revisions"}],"wp:attachment":[{"href":"https:\/\/linitiative.ca\/International\/wp-json\/wp\/v2\/media?parent=65795"}],"wp:term":[{"taxonomy":"category","embeddable":true,"href":"https:\/\/linitiative.ca\/International\/wp-json\/wp\/v2\/categories?post=65795"},{"taxonomy":"post_tag","embeddable":true,"href":"https:\/\/linitiative.ca\/International\/wp-json\/wp\/v2\/tags?post=65795"}],"curies":[{"name":"wp","href":"https:\/\/api.w.org\/{rel}","templated":true}]}}