{"id":65797,"date":"2019-10-28T11:52:38","date_gmt":"2019-10-28T15:52:38","guid":{"rendered":"https:\/\/linitiative.ca\/International\/96472-championnats-arabes-de-velo-de-montage-l-algerie-presente-avec-14-athletes-en-tunisie\/"},"modified":"2019-10-28T11:52:38","modified_gmt":"2019-10-28T15:52:38","slug":"96472-championnats-arabes-de-velo-de-montage-l-algerie-presente-avec-14-athletes-en-tunisie","status":"publish","type":"post","link":"https:\/\/linitiative.ca\/International\/96472-championnats-arabes-de-velo-de-montage-l-algerie-presente-avec-14-athletes-en-tunisie\/","title":{"rendered":"Championnats arabes de v\u00e9lo de montage: l&rsquo;Alg\u00e9rie pr\u00e9sente avec 14 athl\u00e8tes"},"content":{"rendered":"<div readability=\"36\">\n<p><strong>ALGER- Quatorze cyclistes repr\u00e9sentent l&rsquo;Alg\u00e9rie \u00e0 la troisi\u00e8me \u00e9dition des Championnats arabes de v\u00e9lo de montagne, pr\u00e9vue du 29 octobre au 2 novembre dans la for\u00eat de Gammarth et la montagne de Sidi Thabet (Tunisie), a indiqu\u00e9 lundi la F\u00e9d\u00e9ration alg\u00e9rienne de cyclisme (FAC).<\/strong><\/p>\n<\/div>\n<div readability=\"72\">\n<p>Ce rendez-vous, inscrit au calendrier de l&rsquo;Union internationale cycliste (UCI), comprendra deux types de course : le Downhill (descente) et le cross (XCO) et concernera aussi bien les cat\u00e9gories \u00e9lites, que celles des juniors et des cadets.<\/p>\n<p>En XCO (seniors\/messieurs), l&rsquo;Alg\u00e9rie sera repr\u00e9sent\u00e9e par Abderrahmane Mansouri et Khalil Youcef, alors que Nour El Islam Berramdane et Anis Bourenane seront engag\u00e9s dans l&rsquo;\u00e9preuve de descente (Downhill), \u00e9galement chez les messieurs.<\/p>\n<p>En juniors, l&rsquo;Alg\u00e9rie sera repr\u00e9sent\u00e9e dans l&rsquo;\u00e9preuve XCO par Ayoub Sahri, Abdelkrim Saci et Tayeb Hadj Cha\u00efb chez les gar\u00e7ons, ainsi que par Nour El Yassamine Bouzenzen chez les filles.<\/p>\n<p>En XCO toujours (seniors\/dames), l&rsquo;Alg\u00e9rie a engag\u00e9 Racha Belkacem Benounem, A\u00efcha Tihar et Yassamine El Meddah, alors que chez les cadets, les couleurs nationales seront repr\u00e9sent\u00e9es par Abderrahmane Rechrache, Badreddine Merouane et Mahmoud Djebbar.<\/p>\n<p>La s\u00e9lection alg\u00e9rienne est encadr\u00e9e par l&rsquo;entra\u00eeneur R\u00e9da Kahlal.<\/p>\n<p>Outre l&rsquo;Alg\u00e9rie et la Tunisie (pays organisateur), six autres nations sont engag\u00e9es dans cette comp\u00e9tition, \u00e0 savoir la Libye, le Liban, le Qatar, l&rsquo;Arabie saoudite, Oman et l&rsquo;Irak.<\/p>\n<p>La pr\u00e9c\u00e9dente \u00e9dition a \u00e9t\u00e9 organis\u00e9e \u00e0 Mascate (Oman) avec la participation de sept pays.<\/p>\n<\/div>\n<p>Auteur:<br \/>\n<a href=\"http:\/\/www.aps.dz\/sport\/96472-championnats-arabes-de-velo-de-montage-l-algerie-presente-avec-14-athletes-en-tunisie?utm_source=feedburner&#038;utm_medium=feed&#038;utm_campaign=Feed%3A+aps-sport+%28APS+-+SPORT%29\">Cliquez ici pour lire l&rsquo;article depuis sa source.<\/a><\/p>\n","protected":false},"excerpt":{"rendered":"<p>ALGER- Quatorze cyclistes repr\u00e9sentent l&rsquo;Alg\u00e9rie \u00e0 la troisi\u00e8me \u00e9dition des Championnats arabes de v\u00e9lo de montagne, pr\u00e9vue du 29 octobre au 2 novembre dans la for\u00eat de Gammarth et la montagne de Sidi Thabet (Tunisie), a indiqu\u00e9 lundi la F\u00e9d\u00e9ration alg\u00e9rienne de cyclisme (FAC). Ce rendez-vous, inscrit au calendrier de l&rsquo;Union internationale cycliste (UCI), comprendra [&hellip;]<\/p>\n","protected":false},"author":1790,"featured_media":0,"comment_status":"closed","ping_status":"closed","sticky":false,"template":"","format":"standard","meta":{"fifu_image_url":"","fifu_image_alt":"","footnotes":""},"categories":[53,75],"tags":[],"class_list":["post-65797","post","type-post","status-publish","format-standard","hentry","category-algerie","category-sport"],"_links":{"self":[{"href":"https:\/\/linitiative.ca\/International\/wp-json\/wp\/v2\/posts\/65797","targetHints":{"allow":["GET"]}}],"collection":[{"href":"https:\/\/linitiative.ca\/International\/wp-json\/wp\/v2\/posts"}],"about":[{"href":"https:\/\/linitiative.ca\/International\/wp-json\/wp\/v2\/types\/post"}],"author":[{"embeddable":true,"href":"https:\/\/linitiative.ca\/International\/wp-json\/wp\/v2\/users\/1790"}],"replies":[{"embeddable":true,"href":"https:\/\/linitiative.ca\/International\/wp-json\/wp\/v2\/comments?post=65797"}],"version-history":[{"count":0,"href":"https:\/\/linitiative.ca\/International\/wp-json\/wp\/v2\/posts\/65797\/revisions"}],"wp:attachment":[{"href":"https:\/\/linitiative.ca\/International\/wp-json\/wp\/v2\/media?parent=65797"}],"wp:term":[{"taxonomy":"category","embeddable":true,"href":"https:\/\/linitiative.ca\/International\/wp-json\/wp\/v2\/categories?post=65797"},{"taxonomy":"post_tag","embeddable":true,"href":"https:\/\/linitiative.ca\/International\/wp-json\/wp\/v2\/tags?post=65797"}],"curies":[{"name":"wp","href":"https:\/\/api.w.org\/{rel}","templated":true}]}}