{"id":65798,"date":"2019-10-28T14:49:41","date_gmt":"2019-10-28T18:49:41","guid":{"rendered":"https:\/\/linitiative.ca\/International\/96496-cyclisme-tour-du-faso-4e-etape-5e-place-pour-mohamed-bouzidi\/"},"modified":"2019-10-28T14:49:41","modified_gmt":"2019-10-28T18:49:41","slug":"96496-cyclisme-tour-du-faso-4e-etape-5e-place-pour-mohamed-bouzidi","status":"publish","type":"post","link":"https:\/\/linitiative.ca\/International\/96496-cyclisme-tour-du-faso-4e-etape-5e-place-pour-mohamed-bouzidi\/","title":{"rendered":"Cyclisme\/Tour du Faso (4e \u00e9tape): 5e place pour Mohamed Bouzidi"},"content":{"rendered":"<p><span class=\"sp-nh-title\">Plus de 393 mns usd et 13 mns euros d&rsquo;exportations hors hydrocarbures en 9 mois \u00e0 Oran<\/span> &#8211; <span class=\"sp-nh-date\">lundi 28 octobre 2019 19:56<\/span><\/p>\n<p><span class=\"sp-nh-title\">Les pouvoirs publics d\u00e9termin\u00e9s \u00e0 concr\u00e9tiser le programme des \u00e9nergies renouvelables<\/span> &#8211; <span class=\"sp-nh-date\">lundi 28 octobre 2019 19:53<\/span><\/p>\n<p><span class=\"sp-nh-title\">Cyclisme\/Tour du Faso (4e \u00e9tape): 5e place pour Mohamed Bouzidi<\/span> &#8211; <span class=\"sp-nh-date\">lundi 28 octobre 2019 19:49<\/span><\/p>\n<p><span class=\"sp-nh-title\">R\u00e9habilitation de la Casbah de T\u00e9n\u00e8s: lancement prochain des travaux de restauration<\/span> &#8211; <span class=\"sp-nh-date\">lundi 28 octobre 2019 19:45<\/span><\/p>\n<p><span class=\"sp-nh-title\">Les membres de la commission des Transports inspectent la nouvelle a\u00e9rogare de l&rsquo;a\u00e9roport international d&rsquo;Alger<\/span> &#8211; <span class=\"sp-nh-date\">lundi 28 octobre 2019 19:43<\/span><\/p>\n<p><span class=\"sp-nh-title\">Na\u00e2ma: des interventions chirurgicales \u00e0 l\u2019initiative de l\u2019association d\u2019amiti\u00e9 populaire alg\u00e9ro-francaise<\/span> &#8211; <span class=\"sp-nh-date\">lundi 28 octobre 2019 19:42<\/span><\/p>\n<p><span class=\"sp-nh-title\">Groupe Gica : exportation d\u2019ici \u00e0 fin 2019 d&rsquo;1 million de tonnes de ciment<\/span> &#8211; <span class=\"sp-nh-date\">lundi 28 octobre 2019 19:37<\/span><\/p>\n<p><span class=\"sp-nh-title\">SAFAV-MB de Tiaret: livraison de 721 v\u00e9hicules de diff\u00e9rents types et genres<\/span> &#8211; <span class=\"sp-nh-date\">lundi 28 octobre 2019 19:25<\/span><\/p>\n<p><span class=\"sp-nh-title\">Syrie: l&rsquo;ouverture de discussions sur la Constitution est un signe d&rsquo;espoir<\/span> &#8211; <span class=\"sp-nh-date\">lundi 28 octobre 2019 19:20<\/span><\/p>\n<p><span class=\"sp-nh-title\">Tizi-Ouzou: la ville alg\u00e9rienne est r\u00e9sultante de facteurs exog\u00e8nes<\/span> &#8211; <span class=\"sp-nh-date\">lundi 28 octobre 2019 18:59<\/span><\/p>\n<p><span class=\"sp-nh-title\">Le Mawlid ennabawi echarif c\u00e9l\u00e9br\u00e9 le 9 novembre<\/span> &#8211; <span class=\"sp-nh-date\">lundi 28 octobre 2019 18:53<\/span><\/p>\n<p><span class=\"sp-nh-title\">Valorisation de la moiti\u00e9 des d\u00e9chets \u00e0 l\u2019horizon 2030<\/span> &#8211; <span class=\"sp-nh-date\">lundi 28 octobre 2019 18:52<\/span><\/p>\n<p><span class=\"sp-nh-title\">Installation du commissaire d&rsquo;Etat pr\u00e8s le tribunal administratif de Tissemsilt<\/span> &#8211; <span class=\"sp-nh-date\">lundi 28 octobre 2019 18:51<\/span><\/p>\n<p><span class=\"sp-nh-title\">Des parlementaires alg\u00e9riens r\u00e9it\u00e8rent le soutien au peuple sahraoui et \u00e0 sa juste cause<\/span> &#8211; <span class=\"sp-nh-date\">lundi 28 octobre 2019 18:43<\/span><\/p>\n<p><span class=\"sp-nh-title\">Patrimoine subaquatique: une conf\u00e9rence extraordinaire du Conseil consultatif de l&rsquo;UNESCO<\/span> &#8211; <span class=\"sp-nh-date\">lundi 28 octobre 2019 18:43<\/span><\/p>\n<p><span class=\"sp-nh-title\">Industrie: signature mardi d&rsquo;une convention cadre entre Sonelgaz et le groupe Imetal<\/span> &#8211; <span class=\"sp-nh-date\">lundi 28 octobre 2019 18:41<\/span><\/p>\n<p><span class=\"sp-nh-title\">Formation professionnelle: un plan de formation des enseignants avant f\u00e9vrier<\/span> &#8211; <span class=\"sp-nh-date\">lundi 28 octobre 2019 18:36<\/span><\/p>\n<p><span class=\"sp-nh-title\">Belmehdi pr\u00e9side une r\u00e9union de la commission nationale de l&rsquo;exercice des cultes autres que musulmans<\/span> &#8211; <span class=\"sp-nh-date\">lundi 28 octobre 2019 18:35<\/span><\/p>\n<p><span class=\"sp-nh-title\">C\u00e9r\u00e9ales-Constantine: la bataille de la quantit\u00e9 gagn\u00e9e, reste celle de la qualit\u00e9<\/span> &#8211; <span class=\"sp-nh-date\">lundi 28 octobre 2019 18:31<\/span><\/p>\n<p><span class=\"sp-nh-title\">L&rsquo;Alg\u00e9rie 1er partenaire commercial de la Mauritanie en Afrique<\/span> &#8211; <span class=\"sp-nh-date\">lundi 28 octobre 2019 18:19<\/span><\/p>\n<p>Auteur:<br \/>\n<a href=\"http:\/\/www.aps.dz\/sport\/96496-cyclisme-tour-du-faso-4e-etape-5e-place-pour-mohamed-bouzidi?utm_source=feedburner&#038;utm_medium=feed&#038;utm_campaign=Feed%3A+aps-sport+%28APS+-+SPORT%29\">Cliquez ici pour lire l&rsquo;article depuis sa source.<\/a><\/p>\n","protected":false},"excerpt":{"rendered":"<p>Plus de 393 mns usd et 13 mns euros d&rsquo;exportations hors hydrocarbures en 9 mois \u00e0 Oran &#8211; lundi 28 octobre 2019 19:56 Les pouvoirs publics d\u00e9termin\u00e9s \u00e0 concr\u00e9tiser le programme des \u00e9nergies renouvelables &#8211; lundi 28 octobre 2019 19:53 Cyclisme\/Tour du Faso (4e \u00e9tape): 5e place pour Mohamed Bouzidi &#8211; lundi 28 octobre 2019 [&hellip;]<\/p>\n","protected":false},"author":1790,"featured_media":0,"comment_status":"closed","ping_status":"closed","sticky":false,"template":"","format":"standard","meta":{"fifu_image_url":"","fifu_image_alt":"","footnotes":""},"categories":[53,75],"tags":[],"class_list":["post-65798","post","type-post","status-publish","format-standard","hentry","category-algerie","category-sport"],"_links":{"self":[{"href":"https:\/\/linitiative.ca\/International\/wp-json\/wp\/v2\/posts\/65798","targetHints":{"allow":["GET"]}}],"collection":[{"href":"https:\/\/linitiative.ca\/International\/wp-json\/wp\/v2\/posts"}],"about":[{"href":"https:\/\/linitiative.ca\/International\/wp-json\/wp\/v2\/types\/post"}],"author":[{"embeddable":true,"href":"https:\/\/linitiative.ca\/International\/wp-json\/wp\/v2\/users\/1790"}],"replies":[{"embeddable":true,"href":"https:\/\/linitiative.ca\/International\/wp-json\/wp\/v2\/comments?post=65798"}],"version-history":[{"count":0,"href":"https:\/\/linitiative.ca\/International\/wp-json\/wp\/v2\/posts\/65798\/revisions"}],"wp:attachment":[{"href":"https:\/\/linitiative.ca\/International\/wp-json\/wp\/v2\/media?parent=65798"}],"wp:term":[{"taxonomy":"category","embeddable":true,"href":"https:\/\/linitiative.ca\/International\/wp-json\/wp\/v2\/categories?post=65798"},{"taxonomy":"post_tag","embeddable":true,"href":"https:\/\/linitiative.ca\/International\/wp-json\/wp\/v2\/tags?post=65798"}],"curies":[{"name":"wp","href":"https:\/\/api.w.org\/{rel}","templated":true}]}}