{"id":65799,"date":"2019-10-28T12:39:00","date_gmt":"2019-10-28T16:39:00","guid":{"rendered":"https:\/\/linitiative.ca\/International\/oran-installation-dune-commission-pour-reguler-le-transport-urbain\/"},"modified":"2019-10-28T12:39:00","modified_gmt":"2019-10-28T16:39:00","slug":"oran-installation-dune-commission-pour-reguler-le-transport-urbain","status":"publish","type":"post","link":"https:\/\/linitiative.ca\/International\/oran-installation-dune-commission-pour-reguler-le-transport-urbain\/","title":{"rendered":"ORAN : Installation d&rsquo;une commission pour r\u00e9guler le transport urbain"},"content":{"rendered":"<p><br id=\"sep_para_1\" class=\"sep_para access\"\/><\/p>\n<div id=\"para_1\" class=\"para_33702537 resize\">\n<div class=\"texte access firstletter\">Le wali d\u2019Oran, Djelaoui Abdelkader a ordonn\u00e9, en marge de la 3\u00e8me session ordinaire de l&rsquo;assembl\u00e9e populaire de la wilaya d&rsquo;Oran, la cr\u00e9ation d\u2019une commission mixte de transport sous la pr\u00e9sidence du secr\u00e9taire g\u00e9n\u00e9ral de la wilaya d&rsquo;Oran. Cette commission sera charg\u00e9e du contr\u00f4le et du suivi, afin d&rsquo;\u00e9tudier les diff\u00e9rents dossiers des lignes, mais aussi pour r\u00e9gler le transport anarchique qui r\u00e8gne \u00e0 Oran. Le travail de cette commission\u00a0 sera renforc\u00e9 par le wali au niveau central, pour permettre de r\u00e9guler le secteur du transport ainsi que la mise en \u0153uvre du plan de transport qui date de 2014. Cette commission aura pour mission d\u2019organiser les lignes du transport, de faire face au stationnement anarchique et les faux arr\u00eats ainsi que d\u2019organiser les agences routi\u00e8res. Si le transport n\u2019\u00e9tait pas \u00e0 l\u2019ordre du jour lors de la derni\u00e8re session, il a pris une part aux discussions. Le wali d\u2019Oran a appel\u00e9 \u00e0 mettre en \u0153uvre le plan du transport, notamment, \u00e0 l\u2019approche des jeux m\u00e9diterran\u00e9ens 2021, il n&rsquo;a pas h\u00e9sit\u00e9 \u00e0 dire qu&rsquo;on va travailler sur ce sujet, sachant bien que le transport urbain \u00e0 Oran est jug\u00e9 catastrophique \u00e0 l&rsquo;image des\u00a0 usagers du 3e boulevard p\u00e9riph\u00e9rique, en plus des d\u00e9sagr\u00e9ments dus aux multiples travaux en cours, notamment ceux entam\u00e9s au niveau du rond-point d&rsquo;El-Bahia, ce qui cause des difficult\u00e9s pour trouver un moyen de transport. Cet axe reliant Canastel au quartier des Amandiers est pourtant tr\u00e8s fr\u00e9quent\u00e9 par les citoyens qui exercent tout au long de cette ligne. Les points les plus importants constituent des points de relais, notamment le rond-point d&rsquo;El-Bahia pour tous ceux qui habitent Sidi Chahmi, Chte\u00efbo, Emir Abdelkader et toute la partie Est comme Hassi Bounif, Hassi Ameur, Ha\u00ef Essabah. Les usagers prennent le relais au niveau du rond-point de la clinique Nekkache. A voir les attroupements de bon matin \u00e0 ces deux niveaux seulement pour guetter n&rsquo;importe quel moyen de transport, l&rsquo;on ne peut que deviner sa raret\u00e9. Les clandestins qui assurent la course jusqu&rsquo;au rond-point de l&rsquo;ENSEP \u00e0 20 dinars la place ne ch\u00f4ment pas. Bien au contraire, ils sont carr\u00e9ment pris d&rsquo;assaut, m\u00eame s&rsquo;ils doivent jouer constamment \u00e0 cache-cache avec les gendarmes motoris\u00e9s souvent stationn\u00e9s \u00e0 cet endroit.\u00a0<\/div>\n<\/div>\n<p>Auteur: Medjadji H.<br \/>\n<a href=\"https:\/\/www.reflexiondz.net\/ORAN-Installation-d-une-commission-pour-reguler-le-transport-urbain_a58490.html\">Cliquez ici pour lire l&rsquo;article depuis sa source.<\/a><\/p>\n","protected":false},"excerpt":{"rendered":"<p>Le wali d\u2019Oran, Djelaoui Abdelkader a ordonn\u00e9, en marge de la 3\u00e8me session ordinaire de l&rsquo;assembl\u00e9e populaire de la wilaya d&rsquo;Oran, la cr\u00e9ation d\u2019une commission mixte de transport sous la pr\u00e9sidence du secr\u00e9taire g\u00e9n\u00e9ral de la wilaya d&rsquo;Oran. Cette commission sera charg\u00e9e du contr\u00f4le et du suivi, afin d&rsquo;\u00e9tudier les diff\u00e9rents dossiers des lignes, mais [&hellip;]<\/p>\n","protected":false},"author":1740,"featured_media":0,"comment_status":"closed","ping_status":"closed","sticky":false,"template":"","format":"standard","meta":{"fifu_image_url":"","fifu_image_alt":"","footnotes":""},"categories":[53,76],"tags":[],"class_list":["post-65799","post","type-post","status-publish","format-standard","hentry","category-algerie","category-regions"],"_links":{"self":[{"href":"https:\/\/linitiative.ca\/International\/wp-json\/wp\/v2\/posts\/65799","targetHints":{"allow":["GET"]}}],"collection":[{"href":"https:\/\/linitiative.ca\/International\/wp-json\/wp\/v2\/posts"}],"about":[{"href":"https:\/\/linitiative.ca\/International\/wp-json\/wp\/v2\/types\/post"}],"author":[{"embeddable":true,"href":"https:\/\/linitiative.ca\/International\/wp-json\/wp\/v2\/users\/1740"}],"replies":[{"embeddable":true,"href":"https:\/\/linitiative.ca\/International\/wp-json\/wp\/v2\/comments?post=65799"}],"version-history":[{"count":0,"href":"https:\/\/linitiative.ca\/International\/wp-json\/wp\/v2\/posts\/65799\/revisions"}],"wp:attachment":[{"href":"https:\/\/linitiative.ca\/International\/wp-json\/wp\/v2\/media?parent=65799"}],"wp:term":[{"taxonomy":"category","embeddable":true,"href":"https:\/\/linitiative.ca\/International\/wp-json\/wp\/v2\/categories?post=65799"},{"taxonomy":"post_tag","embeddable":true,"href":"https:\/\/linitiative.ca\/International\/wp-json\/wp\/v2\/tags?post=65799"}],"curies":[{"name":"wp","href":"https:\/\/api.w.org\/{rel}","templated":true}]}}