{"id":65800,"date":"2019-10-28T12:39:00","date_gmt":"2019-10-28T16:39:00","guid":{"rendered":"https:\/\/linitiative.ca\/International\/plus-de-80000-diabetiques-recenses-a-oran-vers-la-creation-de-la-premiere-association-du-pied-diabetique\/"},"modified":"2019-10-28T12:39:00","modified_gmt":"2019-10-28T16:39:00","slug":"plus-de-80000-diabetiques-recenses-a-oran-vers-la-creation-de-la-premiere-association-du-pied-diabetique","status":"publish","type":"post","link":"https:\/\/linitiative.ca\/International\/plus-de-80000-diabetiques-recenses-a-oran-vers-la-creation-de-la-premiere-association-du-pied-diabetique\/","title":{"rendered":"PLUS DE 80000 DIABETIQUES RECENSES A ORAN   : Vers la cr\u00e9ation de la premi\u00e8re association du pied diab\u00e9tique"},"content":{"rendered":"<p><br id=\"sep_para_1\" class=\"sep_para access\"\/><\/p>\n<div id=\"para_1\" class=\"para_33702521 resize\">\n<div class=\"texte access firstletter\">\u201dL\u2019heure est \u00e0 l\u2019implication de toutes les composantes du tissu associatif oranais et des professionnels dans la prise en charge et la sensibilisation. La raison ? La capitale de l\u2019Ouest est en passe de battre le record dans la propagation de cette pathologie inqui\u00e9tante. En effet,\u00a0 deuxi\u00e8me ville du pays, elle compte d\u00e9j\u00e0 pas moins de 80 000 diab\u00e9tiques, dont 21% d\u2019insulinod\u00e9pendants. Les chiffres de la F\u00e9d\u00e9ration alg\u00e9rienne des associations des diab\u00e9tiques inqui\u00e8tent \u00e9norm\u00e9ment. La multiplication du nombre de diab\u00e9tiques d\u2019ann\u00e9e en ann\u00e9e a atteint un seuil tr\u00e8s grave, et la prise en charge s\u00e9rieuse et d\u2019une fa\u00e7on efficace de cette pathologie urge. C\u2019est dans cette optique que le mouvement associatif s\u2019est organis\u00e9 en prenant l\u2019initiative de tirer la sonnette d\u2019alarme par la sensibilisation et la vulgarisation, le diab\u00e8te n\u2019est pas une maladie \u00e0 prendre \u00e0 la l\u00e9g\u00e8re. \u201cTous unis pour vaincre le diab\u00e8te\u201d, associations, professionnels de la sant\u00e9, laboratoires pharmaceutiques, soci\u00e9t\u00e9s de produits di\u00e9t\u00e9tiques et nombre d&rsquo;ONG activant \u00e0 l\u2019Ouest soulignent \u201cl\u2019urgence de s\u2019inscrire sous une optique de formation et d&rsquo;information du citoyen pour le d\u00e9pistage de la maladie\u201d, dans ses premiers stades et l&rsquo;accompagnement du malade pour en faire une meilleure gestion. Interrog\u00e9 en marge de la premi\u00e8re journ\u00e9e d\u2019endocrinologie et de diab\u00e9tologie de la clinique Larrib\u00e8re, relevant du Centre hospitalo-universitaire d\u2019Oran (CHUO), le Pr Samrouni a relev\u00e9 que la prise en charge du pied diab\u00e9tique est devenue un v\u00e9ritable \u00abchallenge national\u00bb. \u00abLa prise en charge du pied diab\u00e9tique pose probl\u00e8me sur le plan national. Les diab\u00e9tiques qui d\u00e9veloppent des complications au niveau du pied peinent \u00e0 trouver un \u00e9tablissement de sant\u00e9 pour les soigner, et une bonne partie de ce genre de complication finit par une amputation\u00bb, ont soulign\u00e9 les sp\u00e9cialistes lors de cette journ\u00e9e scientifique. \u00abPour faire face \u00e0 ce souci, nous allons essayer de cr\u00e9er un groupe national (de diff\u00e9rentes r\u00e9gions du pays) qui va travailler sur le pied diab\u00e9tique\u00bb, a-t-il fait savoir, ajoutant que ce groupe pourra d\u00e9boucher sur la cr\u00e9ation de la premi\u00e8re soci\u00e9t\u00e9 (association) du pied diab\u00e9tique. Ce groupe devra compter en plus des diab\u00e9tologues, chirurgiens vasculaires, chirurgiens, orthop\u00e9distes, radiologues, et autres&#8230; Il portera sur les actions pr\u00e9ventives. Selon la m\u00eame source, il est indispensable de travailler sur la pr\u00e9vention, pour \u00e9viter les d\u00e9gradations qui conduisent \u00e0 l\u2019amputation. La sensibilisation des malades sur les gestes \u00e0 adopter en mati\u00e8re d\u2019hygi\u00e8ne, de choix de chaussures, et la n\u00e9cessit\u00e9 de consulter en cas de blessures au niveau du pied, peut \u00e9viter beaucoup de cas de n\u00e9croses et gangr\u00e8nes.<\/div>\n<\/div>\n<p>Auteur: Medjadji H.<br \/>\n<a href=\"https:\/\/www.reflexiondz.net\/PLUS-DE-80000-DIABETIQUES-RECENSES-A-ORAN-Vers-la-creation-de-la-premiere-association-du-pied-diabetique_a58489.html\">Cliquez ici pour lire l&rsquo;article depuis sa source.<\/a><\/p>\n","protected":false},"excerpt":{"rendered":"<p>\u201dL\u2019heure est \u00e0 l\u2019implication de toutes les composantes du tissu associatif oranais et des professionnels dans la prise en charge et la sensibilisation. La raison ? La capitale de l\u2019Ouest est en passe de battre le record dans la propagation de cette pathologie inqui\u00e9tante. En effet,\u00a0 deuxi\u00e8me ville du pays, elle compte d\u00e9j\u00e0 pas moins [&hellip;]<\/p>\n","protected":false},"author":1740,"featured_media":0,"comment_status":"closed","ping_status":"closed","sticky":false,"template":"","format":"standard","meta":{"fifu_image_url":"","fifu_image_alt":"","footnotes":""},"categories":[53,76],"tags":[],"class_list":["post-65800","post","type-post","status-publish","format-standard","hentry","category-algerie","category-regions"],"_links":{"self":[{"href":"https:\/\/linitiative.ca\/International\/wp-json\/wp\/v2\/posts\/65800","targetHints":{"allow":["GET"]}}],"collection":[{"href":"https:\/\/linitiative.ca\/International\/wp-json\/wp\/v2\/posts"}],"about":[{"href":"https:\/\/linitiative.ca\/International\/wp-json\/wp\/v2\/types\/post"}],"author":[{"embeddable":true,"href":"https:\/\/linitiative.ca\/International\/wp-json\/wp\/v2\/users\/1740"}],"replies":[{"embeddable":true,"href":"https:\/\/linitiative.ca\/International\/wp-json\/wp\/v2\/comments?post=65800"}],"version-history":[{"count":0,"href":"https:\/\/linitiative.ca\/International\/wp-json\/wp\/v2\/posts\/65800\/revisions"}],"wp:attachment":[{"href":"https:\/\/linitiative.ca\/International\/wp-json\/wp\/v2\/media?parent=65800"}],"wp:term":[{"taxonomy":"category","embeddable":true,"href":"https:\/\/linitiative.ca\/International\/wp-json\/wp\/v2\/categories?post=65800"},{"taxonomy":"post_tag","embeddable":true,"href":"https:\/\/linitiative.ca\/International\/wp-json\/wp\/v2\/tags?post=65800"}],"curies":[{"name":"wp","href":"https:\/\/api.w.org\/{rel}","templated":true}]}}