{"id":65801,"date":"2019-10-28T12:39:00","date_gmt":"2019-10-28T16:39:00","guid":{"rendered":"https:\/\/linitiative.ca\/International\/sidi-bel-abbes-il-ya-60-ans-le-cicr-visite-le-ctt-de-telagh\/"},"modified":"2019-10-28T12:39:00","modified_gmt":"2019-10-28T16:39:00","slug":"sidi-bel-abbes-il-ya-60-ans-le-cicr-visite-le-ctt-de-telagh","status":"publish","type":"post","link":"https:\/\/linitiative.ca\/International\/sidi-bel-abbes-il-ya-60-ans-le-cicr-visite-le-ctt-de-telagh\/","title":{"rendered":"SIDI BEL ABBES : Il ya 60 ans, le CICR  visite le CTT de T\u00e9lagh"},"content":{"rendered":"<p><br id=\"sep_para_1\" class=\"sep_para access\"\/><\/p>\n<div id=\"para_1\" class=\"para_33702501 resize\">\n<div class=\"texte access firstletter\">Des membres d&rsquo;une commission relevant du Comit\u00e9 international de la Croix-Rouge (CICR) ,s&rsquo;\u00e9taient rendus\u00a0 en Alg\u00e9rie , en octobre 1959 , o\u00f9 ils avaient pour mission, d&rsquo;inspecter les centres d\u2019h\u00e9bergement, \u00e9tablissements p\u00e9nitentiaires,\u00a0 camps militaires d\u2019intern\u00e9s ainsi que les h\u00f4pitaux o\u00f9 \u00e9taient alit\u00e9s et\u00a0 soign\u00e9s des combattants alg\u00e9riens, a-t-on appris de sources locales concordantes.\u00a0 Cette mission, selon la m\u00eame source,\u00a0 compos\u00e9e de quatre personnes, devait, enqu\u00eate \u00e0 l&rsquo;appui, r\u00e9diger un rapport confidentiel \u00e0 remettre\u00a0 avant la fin d\u00e9cembre de la m\u00eame ann\u00e9e au Gouvernement fran\u00e7ais. N\u00e9anmoins , ayant fait l&rsquo;objet de diss\u00e9mination dans\u00a0 Paris,\u00a0 des photocopies de ce rapport auraient \u00e9t\u00e9 transmises \u00e0 la presse laquelle ,selon le\u00a0 CICR, parviendra \u00e0 publier le contenu tel quel ,authentique et\u00a0 dont\u00a0 des centaines d&rsquo;exemplaires\u00a0 avaient \u00e9t\u00e9 distribu\u00e9s dans la capitale fran\u00e7aise. L\u2019impression pour les onze visites effectu\u00e9es dans le d\u00e9partement\u00a0 d&rsquo;Oran, s&rsquo;av\u00e9rait d\u00e9plaisante au sein d&rsquo;un seul\u00a0 Centre de Tri et de Transit (CTT) du T\u00e9lagh, un camp install\u00e9 dans une vieille cave viticole ,sous le r\u00e8gne du maire Cambon d\u00e9tenant le record de long\u00e9vit\u00e9 \u00e0 la t\u00eate de la mairie, avec 40 ans.\u00a0 En effet, quarante-deux des cent quatre-vingt-deux d\u00e9tenus pr\u00e9sents sont en cellule, et la mission a pu voir vingt d\u2019entre eux. Elle a constat\u00e9 que ceux-ci sont install\u00e9s \u00e0 raison de trois dans des cellules pr\u00e9vues pour un seul prisonnier et a recueilli, aussi bien aupr\u00e8s de ces d\u00e9tenus qu\u2019aupr\u00e8s d\u2019une vingtaine d\u2019autres, entass\u00e9s dans une salle commune, des plaintes sur les points suivants: \u00ab D\u2019\u00eatre encha\u00een\u00e9s pendant toute la nuit par des cha\u00eenes ou des entraves aux pieds ; d\u2019avoir subi de graves s\u00e9vices au cours de leur interrogatoire par le 2\u00e8me Bureau dans le camp (suspension par les poignets li\u00e9s dans le dos, \u00e9lectricit\u00e9, eau). \u00bb certains portaient des traces visibles, aux poignets, laiss\u00e9es par les cordes avec lesquelles ils \u00e9taient suspendus. Les d\u00e9tenus se plaignaient souvent\u00a0 d\u2019avoir \u00ab les pieds entrav\u00e9s pendant la nuit dans un carcan de bois dur, que nous voyons du reste, puisqu\u2019il existe en permanence dans la salle commune \u00bb. La mission demande au commandant du camp l\u2019abolition de la pratique de l\u2019encha\u00eenement des prisonniers pendant la nuit. Des assurances lui avaient \u00e9t\u00e9 accord\u00e9es.\u00a0<\/div>\n<\/div>\n<p>Auteur: N.Moussa<br \/>\n<a href=\"https:\/\/www.reflexiondz.net\/SIDI-BEL-ABBES-Il-ya-60-ans-le-CICR-visite-le-CTT-de-Telagh_a58488.html\">Cliquez ici pour lire l&rsquo;article depuis sa source.<\/a><\/p>\n","protected":false},"excerpt":{"rendered":"<p>Des membres d&rsquo;une commission relevant du Comit\u00e9 international de la Croix-Rouge (CICR) ,s&rsquo;\u00e9taient rendus\u00a0 en Alg\u00e9rie , en octobre 1959 , o\u00f9 ils avaient pour mission, d&rsquo;inspecter les centres d\u2019h\u00e9bergement, \u00e9tablissements p\u00e9nitentiaires,\u00a0 camps militaires d\u2019intern\u00e9s ainsi que les h\u00f4pitaux o\u00f9 \u00e9taient alit\u00e9s et\u00a0 soign\u00e9s des combattants alg\u00e9riens, a-t-on appris de sources locales concordantes.\u00a0 Cette mission, [&hellip;]<\/p>\n","protected":false},"author":1740,"featured_media":0,"comment_status":"closed","ping_status":"closed","sticky":false,"template":"","format":"standard","meta":{"fifu_image_url":"","fifu_image_alt":"","footnotes":""},"categories":[53,76],"tags":[],"class_list":["post-65801","post","type-post","status-publish","format-standard","hentry","category-algerie","category-regions"],"_links":{"self":[{"href":"https:\/\/linitiative.ca\/International\/wp-json\/wp\/v2\/posts\/65801","targetHints":{"allow":["GET"]}}],"collection":[{"href":"https:\/\/linitiative.ca\/International\/wp-json\/wp\/v2\/posts"}],"about":[{"href":"https:\/\/linitiative.ca\/International\/wp-json\/wp\/v2\/types\/post"}],"author":[{"embeddable":true,"href":"https:\/\/linitiative.ca\/International\/wp-json\/wp\/v2\/users\/1740"}],"replies":[{"embeddable":true,"href":"https:\/\/linitiative.ca\/International\/wp-json\/wp\/v2\/comments?post=65801"}],"version-history":[{"count":0,"href":"https:\/\/linitiative.ca\/International\/wp-json\/wp\/v2\/posts\/65801\/revisions"}],"wp:attachment":[{"href":"https:\/\/linitiative.ca\/International\/wp-json\/wp\/v2\/media?parent=65801"}],"wp:term":[{"taxonomy":"category","embeddable":true,"href":"https:\/\/linitiative.ca\/International\/wp-json\/wp\/v2\/categories?post=65801"},{"taxonomy":"post_tag","embeddable":true,"href":"https:\/\/linitiative.ca\/International\/wp-json\/wp\/v2\/tags?post=65801"}],"curies":[{"name":"wp","href":"https:\/\/api.w.org\/{rel}","templated":true}]}}