{"id":65803,"date":"2019-10-28T12:46:00","date_gmt":"2019-10-28T16:46:00","guid":{"rendered":"https:\/\/linitiative.ca\/International\/blida-decouverte-de-medicaments-perimes-a-lhopital-frantz-fanon\/"},"modified":"2019-10-28T12:46:00","modified_gmt":"2019-10-28T16:46:00","slug":"blida-decouverte-de-medicaments-perimes-a-lhopital-frantz-fanon","status":"publish","type":"post","link":"https:\/\/linitiative.ca\/International\/blida-decouverte-de-medicaments-perimes-a-lhopital-frantz-fanon\/","title":{"rendered":"BLIDA : D\u00e9couverte de m\u00e9dicaments p\u00e9rim\u00e9s \u00e0 l\u2019h\u00f4pital Frantz-Fanon !"},"content":{"rendered":"<p><br id=\"sep_para_1\" class=\"sep_para access\"\/><\/p>\n<div id=\"para_1\" class=\"para_33702622 resize\">\n<div class=\"texte access firstletter\">L\u2019h\u00f4pital psychiatrique Frantz-Fanon de Blida a \u00e9t\u00e9 secou\u00e9 par un scandale. Une grande quantit\u00e9 de m\u00e9dicaments contre le cancer p\u00e9rim\u00e9s a \u00e9t\u00e9 trouv\u00e9e \u00e0 l\u2019int\u00e9rieur d\u2019une pharmacie au centre du traitement du cancer dudit h\u00f4pital. Le co\u00fbt total de ces m\u00e9dicaments p\u00e9rim\u00e9s est estim\u00e9 \u00e0 4.5 milliards de centimes, selon le site d\u2019information arabophone Ennahar Online qui cite une source s\u00e9curitaire qui explique que les conditions de conservation n\u2019ont pas \u00e9t\u00e9 respect\u00e9es par les services de l\u2019h\u00f4pital. Les services de s\u00fbret\u00e9 de la wilaya de Blida ont ouvert une enqu\u00eate approfondie \u00e0 propos de ce sujet, selon la m\u00eame source. Beaucoup de personnes atteintes du cancer souffrent souvent du manque de disponibilit\u00e9 de m\u00e9dicaments. De temps en temps, elles passent de 6 mois \u00e0 deux ann\u00e9es d\u2019attente pour obtenir leurs m\u00e9dicaments et parfois ces patients meurent bien avant de parvenir \u00e0 les avoir.\u00a0\u00a0\u00a0\u00a0\u00a0\u00a0<\/div>\n<\/div>\n<p>Auteur: Ismain<br \/>\n<a href=\"https:\/\/www.reflexiondz.net\/BLIDA-Decouverte-de-medicaments-perimes-a-l-hopital-Frantz-Fanon-_a58504.html\">Cliquez ici pour lire l&rsquo;article depuis sa source.<\/a><\/p>\n","protected":false},"excerpt":{"rendered":"<p>L\u2019h\u00f4pital psychiatrique Frantz-Fanon de Blida a \u00e9t\u00e9 secou\u00e9 par un scandale. Une grande quantit\u00e9 de m\u00e9dicaments contre le cancer p\u00e9rim\u00e9s a \u00e9t\u00e9 trouv\u00e9e \u00e0 l\u2019int\u00e9rieur d\u2019une pharmacie au centre du traitement du cancer dudit h\u00f4pital. Le co\u00fbt total de ces m\u00e9dicaments p\u00e9rim\u00e9s est estim\u00e9 \u00e0 4.5 milliards de centimes, selon le site d\u2019information arabophone Ennahar [&hellip;]<\/p>\n","protected":false},"author":1740,"featured_media":0,"comment_status":"closed","ping_status":"closed","sticky":false,"template":"","format":"standard","meta":{"fifu_image_url":"","fifu_image_alt":"","footnotes":""},"categories":[53,76],"tags":[],"class_list":["post-65803","post","type-post","status-publish","format-standard","hentry","category-algerie","category-regions"],"_links":{"self":[{"href":"https:\/\/linitiative.ca\/International\/wp-json\/wp\/v2\/posts\/65803","targetHints":{"allow":["GET"]}}],"collection":[{"href":"https:\/\/linitiative.ca\/International\/wp-json\/wp\/v2\/posts"}],"about":[{"href":"https:\/\/linitiative.ca\/International\/wp-json\/wp\/v2\/types\/post"}],"author":[{"embeddable":true,"href":"https:\/\/linitiative.ca\/International\/wp-json\/wp\/v2\/users\/1740"}],"replies":[{"embeddable":true,"href":"https:\/\/linitiative.ca\/International\/wp-json\/wp\/v2\/comments?post=65803"}],"version-history":[{"count":0,"href":"https:\/\/linitiative.ca\/International\/wp-json\/wp\/v2\/posts\/65803\/revisions"}],"wp:attachment":[{"href":"https:\/\/linitiative.ca\/International\/wp-json\/wp\/v2\/media?parent=65803"}],"wp:term":[{"taxonomy":"category","embeddable":true,"href":"https:\/\/linitiative.ca\/International\/wp-json\/wp\/v2\/categories?post=65803"},{"taxonomy":"post_tag","embeddable":true,"href":"https:\/\/linitiative.ca\/International\/wp-json\/wp\/v2\/tags?post=65803"}],"curies":[{"name":"wp","href":"https:\/\/api.w.org\/{rel}","templated":true}]}}