{"id":65809,"date":"2019-10-28T13:17:16","date_gmt":"2019-10-28T17:17:16","guid":{"rendered":"https:\/\/linitiative.ca\/International\/le-conseil-de-la-nation-se-prononce-contre-la-levee-de-limmunite-parlementaire-de-2-senateurs\/"},"modified":"2019-10-28T13:17:16","modified_gmt":"2019-10-28T17:17:16","slug":"le-conseil-de-la-nation-se-prononce-contre-la-levee-de-limmunite-parlementaire-de-2-senateurs","status":"publish","type":"post","link":"https:\/\/linitiative.ca\/International\/le-conseil-de-la-nation-se-prononce-contre-la-levee-de-limmunite-parlementaire-de-2-senateurs\/","title":{"rendered":"Le Conseil de la nation se prononce contre la lev\u00e9e de l\u2019immunit\u00e9 parlementaire de 2 s\u00e9nateurs"},"content":{"rendered":"<div readability=\"40\">\n<p>Le Conseil de la nation s\u2019est prononc\u00e9, lundi, lors d\u2019une s\u00e9ance \u00e0 huis clos, pr\u00e9sid\u00e9e par Salah Goudjil, son pr\u00e9sident par int\u00e9rim, contre la lev\u00e9e de l\u2019immunit\u00e9 parlementaire des s\u00e9nateurs Ali Talbi et Ahmed Ouraghi, selon un communiqu\u00e9 de la chambre haute du Parlement.<\/p>\n<\/div>\n<div readability=\"62\">\n<p>Au terme des travaux de la s\u00e9ance \u00e0 huis clos, pr\u00e9sid\u00e9e lundi par Salah Goudjil, pr\u00e9sident par int\u00e9rim du Conseil de la nation, et consacr\u00e9e \u00e0 l\u2019examen de la demande de lev\u00e9e de l\u2019immunit\u00e9 parlementaire introduite par le ministre de la Justice, Garde des sceaux, concernant les s\u00e9nateurs Ali Talbi et Ahmed Ouraghi, le Conseil de la nation s\u2019est prononc\u00e9 contre la lev\u00e9e de l\u2019immunit\u00e9 parlementaire de ces derniers, indique le communiqu\u00e9.<\/p>\n<p>Les r\u00e9sultats du scrutin secret pour la lev\u00e9e de l\u2019immunit\u00e9 parlementaire du s\u00e9nateur Ali Talbi ont donn\u00e9 93 voix contre, 19 voix pour, 4 abstentions et 5 voix annul\u00e9es et ceux relatifs au s\u00e9nateur Ahmed Ouraghi ont donn\u00e9 54 voix pour, 54 voix contre, 8 abstentions et 5 voix annul\u00e9es, ajoute la m\u00eame source, pr\u00e9cisant que sur la base de ces r\u00e9sultats, le Conseil de la nation s\u2019est prononc\u00e9 contre la lev\u00e9e de l\u2019immunit\u00e9 des deux s\u00e9nateurs concern\u00e9s.<\/p>\n<p>Selon son R\u00e8glement int\u00e9rieur, le Conseil de la nation se prononce sur la lev\u00e9e de l\u2019immunit\u00e9 parlementaire au cours d\u2019une s\u00e9ance \u00e0 huis-clos, au scrutin secret et \u00e0 la majorit\u00e9 de ses membres, apr\u00e8s l\u2019audition du rapport de la commission et de l\u2019int\u00e9ress\u00e9 qui peut se faire assister par un de ses coll\u00e8gues.<\/p>\n<\/div>\n<p>Auteur: Farouk Djouadi<br \/>\n<a href=\"https:\/\/www.elwatan.com\/edition\/actualite\/le-conseil-de-la-nation-se-prononce-contre-la-levee-de-limmunite-parlementaire-de-2-senateurs-28-10-2019\">Cliquez ici pour lire l&rsquo;article depuis sa source.<\/a><\/p>\n","protected":false},"excerpt":{"rendered":"<p>Le Conseil de la nation s\u2019est prononc\u00e9, lundi, lors d\u2019une s\u00e9ance \u00e0 huis clos, pr\u00e9sid\u00e9e par Salah Goudjil, son pr\u00e9sident par int\u00e9rim, contre la lev\u00e9e de l\u2019immunit\u00e9 parlementaire des s\u00e9nateurs Ali Talbi et Ahmed Ouraghi, selon un communiqu\u00e9 de la chambre haute du Parlement. Au terme des travaux de la s\u00e9ance \u00e0 huis clos, pr\u00e9sid\u00e9e [&hellip;]<\/p>\n","protected":false},"author":1743,"featured_media":0,"comment_status":"closed","ping_status":"closed","sticky":false,"template":"","format":"standard","meta":{"fifu_image_url":"","fifu_image_alt":"","footnotes":""},"categories":[73,53],"tags":[],"class_list":["post-65809","post","type-post","status-publish","format-standard","hentry","category-actualite","category-algerie"],"_links":{"self":[{"href":"https:\/\/linitiative.ca\/International\/wp-json\/wp\/v2\/posts\/65809","targetHints":{"allow":["GET"]}}],"collection":[{"href":"https:\/\/linitiative.ca\/International\/wp-json\/wp\/v2\/posts"}],"about":[{"href":"https:\/\/linitiative.ca\/International\/wp-json\/wp\/v2\/types\/post"}],"author":[{"embeddable":true,"href":"https:\/\/linitiative.ca\/International\/wp-json\/wp\/v2\/users\/1743"}],"replies":[{"embeddable":true,"href":"https:\/\/linitiative.ca\/International\/wp-json\/wp\/v2\/comments?post=65809"}],"version-history":[{"count":0,"href":"https:\/\/linitiative.ca\/International\/wp-json\/wp\/v2\/posts\/65809\/revisions"}],"wp:attachment":[{"href":"https:\/\/linitiative.ca\/International\/wp-json\/wp\/v2\/media?parent=65809"}],"wp:term":[{"taxonomy":"category","embeddable":true,"href":"https:\/\/linitiative.ca\/International\/wp-json\/wp\/v2\/categories?post=65809"},{"taxonomy":"post_tag","embeddable":true,"href":"https:\/\/linitiative.ca\/International\/wp-json\/wp\/v2\/tags?post=65809"}],"curies":[{"name":"wp","href":"https:\/\/api.w.org\/{rel}","templated":true}]}}