{"id":65820,"date":"2019-10-28T11:40:10","date_gmt":"2019-10-28T15:40:10","guid":{"rendered":"https:\/\/linitiative.ca\/International\/ach-waqe3-le-tour-de-lactualite-avec-jamal-berraoui\/"},"modified":"2019-10-28T11:40:10","modified_gmt":"2019-10-28T15:40:10","slug":"ach-waqe3-le-tour-de-lactualite-avec-jamal-berraoui","status":"publish","type":"post","link":"https:\/\/linitiative.ca\/International\/ach-waqe3-le-tour-de-lactualite-avec-jamal-berraoui\/","title":{"rendered":"Ach Waqe3, le tour de l\u2019actualit\u00e9 avec Jamal Berraoui"},"content":{"rendered":"<p><strong>Une des \u00e9missions phares de MFM Radio, Ach Waqe3 traite de l\u2019actualit\u00e9 du jour avec l\u2019analyse du journaliste et analyste politique et \u00e9conomique Jamal Berraoui.<\/strong><\/p>\n<div class=\"c10\"\/>\n<p>L\u2019\u00e9mission d\u2019aujourd\u2019hui, ouvre le d\u00e9bat avec le d\u00e9mant\u00e8lement, en fin de semaine derni\u00e8re, d\u2019une importante cellule terroriste par le Bureau central d\u2019investigation judiciaire (BCIJ). Autres sujets trait\u00e9s, l\u2019\u00e9limination par l\u2019arm\u00e9e am\u00e9ricaine du chef du groupe terroriste Daech, Abou Bakr al-Baghdadi, la s\u00e9curit\u00e9 sanitaire au Maroc, la grogne de l\u2019Association marocaine des exportateurs (ASMEX) vis-\u00e0-vis des dispositions du Projet de Loi de Finances 2020\u2026<\/p>\n<div class=\"wp-block-embed__wrapper\">\n<div class=\"fb-video\" data-href=\"https:\/\/www.facebook.com\/RADIOMFM.Officiel\/videos\/638279639909410\/\" data-width=\"1140\">\n<blockquote cite=\"https:\/\/www.facebook.com\/RADIOMFM.Officiel\/videos\/638279639909410\/\" class=\"fb-xfbml-parse-ignore\">\n<p>#\u0622\u0634_\u0648\u0627\u0642\u0639\u0627\u0644\u0645\u063a\u0631\u0628 : \u0625\u062c\u0647\u0627\u0636 \u0645\u062e\u0637\u0637 \u0625\u0631\u0647\u0627\u0628\u064a \u062e\u0637\u064a\u0631 \u0639\u0628\u0631 \u062a\u0641\u0643\u064a\u0643 \u062e\u0644\u064a\u0629 \u0625\u0631\u0647\u0627\u0628\u064a\u0629\u0645\u0642\u062a\u0644 \u0632\u0639\u064a\u0645 \u0645\u0627 \u0633\u064a\u0645\u0649 \u0628\u062a\u0646\u0638\u064a\u0645 \u0627\u0644\u062f\u0648\u0644\u0629 \u0627\u0644\u0627\u0633\u0644\u0627\u0645\u064a\u0629 \u062f\u0627\u0639\u0634 .\u0645\u062c\u0644\u0633 \u0627\u0644\u062c\u0627\u0644\u064a\u0629 \u0627\u0644\u0645\u063a\u0631\u0628\u064a\u0629 \u0628\u0627\u0644\u062e\u0627\u0631\u062c \u064a\u0646\u062f\u062f \u0628\u062d\u0631\u0642 \u0627\u0644\u0639\u0644\u0645 \u0627\u0644\u0648\u0637\u0646\u064a \u0628\u0628\u0627\u0631\u064a\u0633\u062a\u0639\u0644\u064a\u0642\u0627\u062a \u0645\u0646 \u0635\u062d\u0641\u064a\u064a\u0646 \u0648\u0645\u0646\u0634\u0637\u064a\u0646 \u062d\u0648\u0644 \u0636\u0639\u0641 \u0648\u0632\u064a\u0631 \u0641\u064a \u0627\u0644\u062a\u0648\u0627\u0635\u0644\u0645\u0647\u0646\u064a\u0648\u0646 \u064a\u062d\u0630\u0631\u0648\u0646 \u0627\u0644\u062d\u0643\u0648\u0645\u0629 \u0628\u0627\u0644\u062a\u0633\u0628\u0628 \u0641\u064a \u062a\u062f\u0645\u064a\u0631 \u062a\u0646\u0627\u0641\u0633\u064a\u0629 \u0642\u0637\u0627\u0639 \u0627\u0644\u062a\u0635\u062f\u064a\u0631\u0631\u0641\u0642\u0629 \u0645\u0627\u0621 \u0627\u0644\u0639\u064a\u0646\u064a\u0646 \u0639\u064a\u0646\u0627\u0646\u064a \u0648\u0627\u0644\u062e\u0628\u064a\u0631 \u0627\u0644\u0633\u064a\u0627\u0633\u064a \u0648\u0627\u0644\u0625\u0642\u062a\u0635\u0627\u062f\u064a \u062c\u0645\u0627\u0644 \u0628\u0631\u0627\u0648\u064a \u0645\u0628\u0627\u0634\u0631\u0629 \u0639\u0644\u0649 \u0625\u0645 \u0625\u0641 \u0625\u0645www.mfmradio.ma#instagram : radiomfmofficiel#achwa9a3 #mfm #mfmradio #carte_blanche<\/p>\n<p>Publi\u00e9e par <a href=\"https:\/\/www.facebook.com\/RADIOMFM.Officiel\/\">RADIO MFM Officiel<\/a> sur Lundi 28 octobre 2019<\/p><\/blockquote>\n<\/div>\n<\/div>\n<div class=\"c17\">\n<fieldset class=\"c16\">\n<legend><strong><span class=\"c11\">Challenge<\/span><span class=\"c12\">news<\/span><\/strong><\/legend>\n<div class=\"c15\">Le meilleur de la r\u00e9daction s\u00e9lectionn\u00e9 par Challenge :<\/p>\n<\/div>\n<\/fieldset>\n<\/div>\n<p>Auteur: challenge<br \/>\n<a href=\"https:\/\/www.challenge.ma\/ach-waqe3-le-tour-de-lactualite-avec-jamal-berraoui-121598\/\">Cliquez ici pour lire l&rsquo;article depuis sa source.<\/a><\/p>\n","protected":false},"excerpt":{"rendered":"<p>Une des \u00e9missions phares de MFM Radio, Ach Waqe3 traite de l\u2019actualit\u00e9 du jour avec l\u2019analyse du journaliste et analyste politique et \u00e9conomique Jamal Berraoui. L\u2019\u00e9mission d\u2019aujourd\u2019hui, ouvre le d\u00e9bat avec le d\u00e9mant\u00e8lement, en fin de semaine derni\u00e8re, d\u2019une importante cellule terroriste par le Bureau central d\u2019investigation judiciaire (BCIJ). Autres sujets trait\u00e9s, l\u2019\u00e9limination par l\u2019arm\u00e9e [&hellip;]<\/p>\n","protected":false},"author":1787,"featured_media":0,"comment_status":"closed","ping_status":"closed","sticky":false,"template":"","format":"standard","meta":{"fifu_image_url":"","fifu_image_alt":"","footnotes":""},"categories":[78,54],"tags":[],"class_list":["post-65820","post","type-post","status-publish","format-standard","hentry","category-economie","category-maroc"],"_links":{"self":[{"href":"https:\/\/linitiative.ca\/International\/wp-json\/wp\/v2\/posts\/65820","targetHints":{"allow":["GET"]}}],"collection":[{"href":"https:\/\/linitiative.ca\/International\/wp-json\/wp\/v2\/posts"}],"about":[{"href":"https:\/\/linitiative.ca\/International\/wp-json\/wp\/v2\/types\/post"}],"author":[{"embeddable":true,"href":"https:\/\/linitiative.ca\/International\/wp-json\/wp\/v2\/users\/1787"}],"replies":[{"embeddable":true,"href":"https:\/\/linitiative.ca\/International\/wp-json\/wp\/v2\/comments?post=65820"}],"version-history":[{"count":0,"href":"https:\/\/linitiative.ca\/International\/wp-json\/wp\/v2\/posts\/65820\/revisions"}],"wp:attachment":[{"href":"https:\/\/linitiative.ca\/International\/wp-json\/wp\/v2\/media?parent=65820"}],"wp:term":[{"taxonomy":"category","embeddable":true,"href":"https:\/\/linitiative.ca\/International\/wp-json\/wp\/v2\/categories?post=65820"},{"taxonomy":"post_tag","embeddable":true,"href":"https:\/\/linitiative.ca\/International\/wp-json\/wp\/v2\/tags?post=65820"}],"curies":[{"name":"wp","href":"https:\/\/api.w.org\/{rel}","templated":true}]}}