{"id":65822,"date":"2019-10-28T12:58:51","date_gmt":"2019-10-28T16:58:51","guid":{"rendered":"https:\/\/linitiative.ca\/International\/le-bcij-traque-un-ressortissant-syrien\/"},"modified":"2019-10-28T12:58:51","modified_gmt":"2019-10-28T16:58:51","slug":"le-bcij-traque-un-ressortissant-syrien","status":"publish","type":"post","link":"https:\/\/linitiative.ca\/International\/le-bcij-traque-un-ressortissant-syrien\/","title":{"rendered":"Le BCIJ traque un ressortissant syrien"},"content":{"rendered":"<p><strong>Suite au d\u00e9mant\u00e8lement vendredi de la cellule terroriste, le Bureau central d\u2019investigations judiciaires est \u00e0 la recherche d\u2019un \u00e9missaire de Daech.<\/strong><\/p>\n<div class=\"c10\"\/>\n<p>Un \u00e9tranger, qui serait un <strong>Syrien<\/strong>, est en cours d\u2019identification, a affirm\u00e9, lundi \u00e0 Sal\u00e9, le directeur du Bureau central d\u2019investigations judiciaires (BCIJ), Abdelhak Khiam. Il est en lien avec la cellule terroriste d\u00e9mantel\u00e9e vendredi dernier et compos\u00e9e de sept membres li\u00e9s \u00e0 l\u2019Organisation dite \u00ab\u00a0Etat islamique\u00a0\u00bb s\u2019activant \u00e0 Casablanca, Ouezzane et Chefchaouen,<\/p>\n<p>Il s\u2019agit d\u2019\u00ab\u00a0un \u00e9missaire\u00a0\u00bb d\u00e9p\u00each\u00e9 par <strong>Daech<\/strong> aupr\u00e8s du chef de file de la cellule, a pr\u00e9cis\u00e9 Abdelhak Khiam lors d\u2019un point de presse consacr\u00e9 \u00e0 la pr\u00e9sentation des derni\u00e8res donn\u00e9es relatives au d\u00e9mant\u00e8lement de la cellule, ajoutant que son portrait-robot est en cours d\u2019\u00e9laboration.<\/p>\n<p>Lire aussi : <a class=\"\" href=\"https:\/\/www.challenge.ma\/video-ouezzane-dautres-membres-de-la-cellule-terroriste-arretes-121363\/\">Vid\u00e9o. Ouezzane : un autre membre de la cellule terroriste arr\u00eat\u00e9<\/a><\/p>\n<p>Cet \u00e9missaire avait assur\u00e9 au chef de file de la cellule d\u00e9mantel\u00e9e, lors d\u2019une rencontre dans la r\u00e9gion de Ouezzane, de la disposition de Daech \u00e0 lui fournir la logistique n\u00e9cessaire pour mener des actes terroristes au <strong>Maroc<\/strong>, notamment \u00e0 Casablanca, a affirm\u00e9 Abdelhak Khiam.<\/p>\n<p>Le projet terroriste de cette cellule, qui \u00e9tait dans un stade avanc\u00e9, visait des sites tr\u00e8s sensibles pour la s\u00e9curit\u00e9 et l\u2019\u00e9conomie du Maroc, notamment \u00e0 Casablanca. Ce plan terroriste avait pour objectif de transformer le royaume en \u00ab\u00a0un bain de sang\u00a0\u00bb, selon le directeur du <strong>BCIJ<\/strong>.<\/p>\n<div class=\"c17\">\n<fieldset class=\"c16\">\n<legend><strong><span class=\"c11\">Challenge<\/span><span class=\"c12\">news<\/span><\/strong><\/legend>\n<div class=\"c15\">Le meilleur de la r\u00e9daction s\u00e9lectionn\u00e9 par Challenge :<\/p>\n<\/div>\n<\/fieldset>\n<\/div>\n<p>Auteur: challenge<br \/>\n<a href=\"https:\/\/www.challenge.ma\/le-bcij-traque-un-ressortissant-syrien-121620\/\">Cliquez ici pour lire l&rsquo;article depuis sa source.<\/a><\/p>\n","protected":false},"excerpt":{"rendered":"<p>Suite au d\u00e9mant\u00e8lement vendredi de la cellule terroriste, le Bureau central d\u2019investigations judiciaires est \u00e0 la recherche d\u2019un \u00e9missaire de Daech. Un \u00e9tranger, qui serait un Syrien, est en cours d\u2019identification, a affirm\u00e9, lundi \u00e0 Sal\u00e9, le directeur du Bureau central d\u2019investigations judiciaires (BCIJ), Abdelhak Khiam. Il est en lien avec la cellule terroriste d\u00e9mantel\u00e9e [&hellip;]<\/p>\n","protected":false},"author":1787,"featured_media":0,"comment_status":"closed","ping_status":"closed","sticky":false,"template":"","format":"standard","meta":{"fifu_image_url":"","fifu_image_alt":"","footnotes":""},"categories":[78,54],"tags":[],"class_list":["post-65822","post","type-post","status-publish","format-standard","hentry","category-economie","category-maroc"],"_links":{"self":[{"href":"https:\/\/linitiative.ca\/International\/wp-json\/wp\/v2\/posts\/65822","targetHints":{"allow":["GET"]}}],"collection":[{"href":"https:\/\/linitiative.ca\/International\/wp-json\/wp\/v2\/posts"}],"about":[{"href":"https:\/\/linitiative.ca\/International\/wp-json\/wp\/v2\/types\/post"}],"author":[{"embeddable":true,"href":"https:\/\/linitiative.ca\/International\/wp-json\/wp\/v2\/users\/1787"}],"replies":[{"embeddable":true,"href":"https:\/\/linitiative.ca\/International\/wp-json\/wp\/v2\/comments?post=65822"}],"version-history":[{"count":0,"href":"https:\/\/linitiative.ca\/International\/wp-json\/wp\/v2\/posts\/65822\/revisions"}],"wp:attachment":[{"href":"https:\/\/linitiative.ca\/International\/wp-json\/wp\/v2\/media?parent=65822"}],"wp:term":[{"taxonomy":"category","embeddable":true,"href":"https:\/\/linitiative.ca\/International\/wp-json\/wp\/v2\/categories?post=65822"},{"taxonomy":"post_tag","embeddable":true,"href":"https:\/\/linitiative.ca\/International\/wp-json\/wp\/v2\/tags?post=65822"}],"curies":[{"name":"wp","href":"https:\/\/api.w.org\/{rel}","templated":true}]}}