{"id":65824,"date":"2019-10-28T14:31:02","date_gmt":"2019-10-28T18:31:02","guid":{"rendered":"https:\/\/linitiative.ca\/International\/cgem-voici-les-dates-des-prochaines-echeances\/"},"modified":"2019-10-28T14:31:02","modified_gmt":"2019-10-28T18:31:02","slug":"cgem-voici-les-dates-des-prochaines-echeances","status":"publish","type":"post","link":"https:\/\/linitiative.ca\/International\/cgem-voici-les-dates-des-prochaines-echeances\/","title":{"rendered":"CGEM : voici les dates des prochaines \u00e9ch\u00e9ances"},"content":{"rendered":"<p><strong>\u00c9lections, d\u00e9p\u00f4t de dossiers\u2026 voici les prochaines importantes dates de la Conf\u00e9d\u00e9ration.<\/strong><\/p>\n<div class=\"c10\"\/>\n<p>La Conf\u00e9d\u00e9ration g\u00e9n\u00e9rale des Entreprises du Maroc (<strong>CGEM<\/strong>) poursuit sa p\u00e9riode de transition suite \u00e0 la d\u00e9mission de son pr\u00e9sident Salaheddine Mezouar le 13 octobre dernier.<\/p>\n<p>Suite au Conseil d\u2019administration tenu ce lundi 28 octobre 2019, les administrateurs de la CGEM ont arr\u00eat\u00e9 le calendrier des prochaines \u00e9ch\u00e9ances. Ainsi, la date des prochaines <strong>\u00e9lections<\/strong> a \u00e9t\u00e9 fix\u00e9e au 22 janvier 2020. Le d\u00e9p\u00f4t de dossiers de candidatures se fera le 13 d\u00e9cembre 2019, tandis que leur validation par le Conseil d\u2019administration a \u00e9t\u00e9 d\u00e9cid\u00e9e pour le 16 d\u00e9cembre 2019.<\/p>\n<p>Lire aussi : <a href=\"https:\/\/www.challenge.ma\/mohamed-bachiri-designe-president-par-interim-de-la-cgem-121619\/\" target=\"_blank\" rel=\"noreferrer noopener\" aria-label=\"Mohamed Bachiri d\u00e9sign\u00e9 pr\u00e9sident par int\u00e9rim de la CGEM (s\u2019ouvre dans un nouvel onglet)\">Mohamed Bachiri d\u00e9sign\u00e9 pr\u00e9sident par int\u00e9rim de la CGEM<\/a><\/p>\n<p>A noter que le <strong>Conseil d\u2019administration<\/strong> a \u00e9galement ent\u00e9rin\u00e9 lors de cette session l\u2019admission de la F\u00e9d\u00e9ration de l\u2019Enseignement priv\u00e9, ce qui porte \u00e0 34 le nombre des f\u00e9d\u00e9rations sectorielles statutaires de la CGEM.<\/p>\n<div class=\"c17\">\n<fieldset class=\"c16\">\n<legend><strong><span class=\"c11\">Challenge<\/span><span class=\"c12\">news<\/span><\/strong><\/legend>\n<div class=\"c15\">Le meilleur de la r\u00e9daction s\u00e9lectionn\u00e9 par Challenge :<\/p>\n<\/div>\n<\/fieldset>\n<\/div>\n<p>Auteur: challenge<br \/>\n<a href=\"https:\/\/www.challenge.ma\/cgem-voici-les-dates-des-prochaines-echeances-121641\/\">Cliquez ici pour lire l&rsquo;article depuis sa source.<\/a><\/p>\n","protected":false},"excerpt":{"rendered":"<p>\u00c9lections, d\u00e9p\u00f4t de dossiers\u2026 voici les prochaines importantes dates de la Conf\u00e9d\u00e9ration. La Conf\u00e9d\u00e9ration g\u00e9n\u00e9rale des Entreprises du Maroc (CGEM) poursuit sa p\u00e9riode de transition suite \u00e0 la d\u00e9mission de son pr\u00e9sident Salaheddine Mezouar le 13 octobre dernier. Suite au Conseil d\u2019administration tenu ce lundi 28 octobre 2019, les administrateurs de la CGEM ont arr\u00eat\u00e9 [&hellip;]<\/p>\n","protected":false},"author":1787,"featured_media":0,"comment_status":"closed","ping_status":"closed","sticky":false,"template":"","format":"standard","meta":{"fifu_image_url":"","fifu_image_alt":"","footnotes":""},"categories":[78,54],"tags":[],"class_list":["post-65824","post","type-post","status-publish","format-standard","hentry","category-economie","category-maroc"],"_links":{"self":[{"href":"https:\/\/linitiative.ca\/International\/wp-json\/wp\/v2\/posts\/65824","targetHints":{"allow":["GET"]}}],"collection":[{"href":"https:\/\/linitiative.ca\/International\/wp-json\/wp\/v2\/posts"}],"about":[{"href":"https:\/\/linitiative.ca\/International\/wp-json\/wp\/v2\/types\/post"}],"author":[{"embeddable":true,"href":"https:\/\/linitiative.ca\/International\/wp-json\/wp\/v2\/users\/1787"}],"replies":[{"embeddable":true,"href":"https:\/\/linitiative.ca\/International\/wp-json\/wp\/v2\/comments?post=65824"}],"version-history":[{"count":0,"href":"https:\/\/linitiative.ca\/International\/wp-json\/wp\/v2\/posts\/65824\/revisions"}],"wp:attachment":[{"href":"https:\/\/linitiative.ca\/International\/wp-json\/wp\/v2\/media?parent=65824"}],"wp:term":[{"taxonomy":"category","embeddable":true,"href":"https:\/\/linitiative.ca\/International\/wp-json\/wp\/v2\/categories?post=65824"},{"taxonomy":"post_tag","embeddable":true,"href":"https:\/\/linitiative.ca\/International\/wp-json\/wp\/v2\/tags?post=65824"}],"curies":[{"name":"wp","href":"https:\/\/api.w.org\/{rel}","templated":true}]}}