{"id":65833,"date":"2019-10-28T16:15:24","date_gmt":"2019-10-28T20:15:24","guid":{"rendered":"https:\/\/linitiative.ca\/International\/etoile-du-sahel-la-date-de-lassemblee-generale-elective-extraordinaire-fixee\/"},"modified":"2019-10-28T16:15:24","modified_gmt":"2019-10-28T20:15:24","slug":"etoile-du-sahel-la-date-de-lassemblee-generale-elective-extraordinaire-fixee","status":"publish","type":"post","link":"https:\/\/linitiative.ca\/International\/etoile-du-sahel-la-date-de-lassemblee-generale-elective-extraordinaire-fixee\/","title":{"rendered":"\u00c9toile du Sahel : la date de l\u2019assembl\u00e9e g\u00e9n\u00e9rale \u00e9lective extraordinaire fix\u00e9e"},"content":{"rendered":"<p dir=\"ltr\">L\u2019Etoile Sportive du Sahel a communiqu\u00e9 la date de l\u2019assembl\u00e9e g\u00e9n\u00e9rale \u00e9lective extraordinaire.<\/p>\n<p dir=\"ltr\">A la suite de la d\u00e9mission de quatre membres du comit\u00e9 directeur et le d\u00e9part du pr\u00e9sident Ridha Charfeddine, cette assembl\u00e9e g\u00e9n\u00e9rale aura lieu le samedi 16 novembre prochain.<\/p>\n<div class=\"code-block code-block-1 c5\"><ins class=\"adsbygoogle c4\" data-ad-layout=\"in-article\" data-ad-format=\"fluid\" data-ad-client=\"ca-pub-2102118777505746\" data-ad-slot=\"7301775417\"\/> <\/div>\n<p dir=\"ltr\">Les travaux auront lieu dans un h\u00f4tel \u00e0 Sousse et d\u00e9buteront \u00e0 17h00.<\/p>\n<p dir=\"ltr\">Les candidatures peuvent \u00eatre d\u00e9pos\u00e9es \u00e0 partir du 05 novembre,\u00a0au 12 du m\u00eame mois.<\/p>\n<div class=\"heateor_sss_sharing_container heateor_sss_horizontal_sharing\" heateor-sss-data-href=\"https:\/\/sport.tunisienumerique.com\/etoile-sahel-date-de-lassemblee-generale-elective-extraordinaire-fixee\/\" heateor-sss-no-counts=\"1\">\n<div class=\"heateor_sss_sharing_title c6\">Cet article vous a \u00e9t\u00e9 utile? Partagez le, il int\u00e9ressera d\u2019autres personnes. Merci!<\/div>\n<ul class=\"heateor_sss_sharing_ul\">\n<li class=\"heateorSssSharingRound\"><em alt=\"Facebook\" title=\"Facebook\" class=\"heateorSssSharing heateorSssFacebookBackground c7\" onclick=\"heateorSssPopup(\"https:\/\/www.facebook.com\/sharer\/sharer.php?u=https%3A%2F%2Fsport.tunisienumerique.com%2Fetoile-sahel-date-de-lassemblee-generale-elective-extraordinaire-fixee%2F\")\">\u00a0<\/em><\/li>\n<li class=\"heateorSssSharingRound\"><em alt=\"Twitter\" title=\"Twitter\" class=\"heateorSssSharing heateorSssTwitterBackground c7\" onclick=\"heateorSssPopup(\"http:\/\/twitter.com\/intent\/tweet?text=%C3%89toile%20du%20Sahel%20%3A%20la%20date%20de%20l%27assembl%C3%A9e%20g%C3%A9n%C3%A9rale%20%C3%A9lective%20extraordinaire%20fix%C3%A9e&#038;url=https%3A%2F%2Fsport.tunisienumerique.com%2Fetoile-sahel-date-de-lassemblee-generale-elective-extraordinaire-fixee%2F\")\">\u00a0<\/em><\/li>\n<li class=\"heateorSssSharingRound\"><em alt=\"Linkedin\" title=\"Linkedin\" class=\"heateorSssSharing heateorSssLinkedinBackground c7\" onclick=\"heateorSssPopup(\"http:\/\/www.linkedin.com\/shareArticle?mini=true&#038;url=https%3A%2F%2Fsport.tunisienumerique.com%2Fetoile-sahel-date-de-lassemblee-generale-elective-extraordinaire-fixee%2F&#038;title=%C3%89toile%20du%20Sahel%20%3A%20la%20date%20de%20l%27assembl%C3%A9e%20g%C3%A9n%C3%A9rale%20%C3%A9lective%20extraordinaire%20fix%C3%A9e\")\">\u00a0<\/em><\/li>\n<li class=\"heateorSssSharingRound\"><em alt=\"Google Gmail\" title=\"Google Gmail\" class=\"heateorSssSharing heateorSssGoogleGmailBackground c7\" onclick=\"heateorSssPopup(\"https:\/\/mail.google.com\/mail\/?ui=2&#038;view=cm&#038;fs=1&#038;tf=1&#038;su=%C3%89toile%20du%20Sahel%20%3A%20la%20date%20de%20l%27assembl%C3%A9e%20g%C3%A9n%C3%A9rale%20%C3%A9lective%20extraordinaire%20fix%C3%A9e&#038;body=Link:https%3A%2F%2Fsport.tunisienumerique.com%2Fetoile-sahel-date-de-lassemblee-generale-elective-extraordinaire-fixee%2F\")\">\u00a0<\/em><\/li>\n<li class=\"heateorSssSharingRound\"><em alt=\"Whatsapp\" title=\"Whatsapp\" class=\"heateorSssSharing heateorSssWhatsappBackground c7\"><a href=\"https:\/\/web.whatsapp.com\/send?text=%C3%89toile%20du%20Sahel%20%3A%20la%20date%20de%20l%27assembl%C3%A9e%20g%C3%A9n%C3%A9rale%20%C3%A9lective%20extraordinaire%20fix%C3%A9e%20https%3A%2F%2Fsport.tunisienumerique.com%2Fetoile-sahel-date-de-lassemblee-generale-elective-extraordinaire-fixee%2F\" rel=\"nofollow noopener noreferrer\" target=\"_blank\">\u00a0<\/a><\/em><\/li>\n<li class=\"heateorSssSharingRound\">\u00a0<\/li>\n<\/ul>\n<\/div>\n<div class=\"mvp-org-wrap mvp-org-logo\" itemprop=\"publisher\" itemscope=\"\" itemtype=\"https:\/\/schema.org\/Organization\"><img decoding=\"async\" src=\"https:\/\/sport.tunisienumerique.com\/wp-content\/uploads\/2017\/05\/logo_tunisie_numerique.png\"\/><\/div>\n<div class=\"mvp-related-posts left relative\">\n<h4 class=\"post-header\"><span class=\"post-header\">Lire aussi<\/span><\/h4>\n<\/div>\n<p>Auteur: a.<br \/>\n<a href=\"https:\/\/sport.tunisienumerique.com\/etoile-sahel-date-de-lassemblee-generale-elective-extraordinaire-fixee\/\">Cliquez ici pour lire l&rsquo;article depuis sa source.<\/a><\/p>\n","protected":false},"excerpt":{"rendered":"<p>L\u2019Etoile Sportive du Sahel a communiqu\u00e9 la date de l\u2019assembl\u00e9e g\u00e9n\u00e9rale \u00e9lective extraordinaire. A la suite de la d\u00e9mission de quatre membres du comit\u00e9 directeur et le d\u00e9part du pr\u00e9sident Ridha Charfeddine, cette assembl\u00e9e g\u00e9n\u00e9rale aura lieu le samedi 16 novembre prochain. Les travaux auront lieu dans un h\u00f4tel \u00e0 Sousse et d\u00e9buteront \u00e0 17h00. [&hellip;]<\/p>\n","protected":false},"author":1789,"featured_media":65834,"comment_status":"closed","ping_status":"closed","sticky":false,"template":"","format":"standard","meta":{"fifu_image_url":"","fifu_image_alt":"","footnotes":""},"categories":[73,55],"tags":[],"class_list":["post-65833","post","type-post","status-publish","format-standard","has-post-thumbnail","hentry","category-actualite","category-tunisie"],"_links":{"self":[{"href":"https:\/\/linitiative.ca\/International\/wp-json\/wp\/v2\/posts\/65833","targetHints":{"allow":["GET"]}}],"collection":[{"href":"https:\/\/linitiative.ca\/International\/wp-json\/wp\/v2\/posts"}],"about":[{"href":"https:\/\/linitiative.ca\/International\/wp-json\/wp\/v2\/types\/post"}],"author":[{"embeddable":true,"href":"https:\/\/linitiative.ca\/International\/wp-json\/wp\/v2\/users\/1789"}],"replies":[{"embeddable":true,"href":"https:\/\/linitiative.ca\/International\/wp-json\/wp\/v2\/comments?post=65833"}],"version-history":[{"count":0,"href":"https:\/\/linitiative.ca\/International\/wp-json\/wp\/v2\/posts\/65833\/revisions"}],"wp:featuredmedia":[{"embeddable":true,"href":"https:\/\/linitiative.ca\/International\/wp-json\/"}],"wp:attachment":[{"href":"https:\/\/linitiative.ca\/International\/wp-json\/wp\/v2\/media?parent=65833"}],"wp:term":[{"taxonomy":"category","embeddable":true,"href":"https:\/\/linitiative.ca\/International\/wp-json\/wp\/v2\/categories?post=65833"},{"taxonomy":"post_tag","embeddable":true,"href":"https:\/\/linitiative.ca\/International\/wp-json\/wp\/v2\/tags?post=65833"}],"curies":[{"name":"wp","href":"https:\/\/api.w.org\/{rel}","templated":true}]}}