{"id":65837,"date":"2019-10-28T14:18:07","date_gmt":"2019-10-28T18:18:07","guid":{"rendered":"https:\/\/linitiative.ca\/International\/ramaphosa-defend-les-propositions-russe-et-chinoise-a-lafrique\/"},"modified":"2019-10-28T14:18:07","modified_gmt":"2019-10-28T18:18:07","slug":"ramaphosa-defend-les-propositions-russe-et-chinoise-a-lafrique","status":"publish","type":"post","link":"https:\/\/linitiative.ca\/International\/ramaphosa-defend-les-propositions-russe-et-chinoise-a-lafrique\/","title":{"rendered":"Ramaphosa d\u00e9fend les propositions russe et chinoise \u00e0 l\u2019Afrique"},"content":{"rendered":"<div readability=\"32\">\n<p>Publi\u00e9 le 28.10.2019 \u00e0 19h18 par APA News<\/p>\n<\/div>\n<div readability=\"60\">\n<p>L\u2019Afrique est capable de commercer et de s\u2019engager, \u00e0 ses conditions, avec des partenaires mondiaux comme la Russie, a d\u00e9clar\u00e9 lundi le pr\u00e9sident sud-africain Cyril Ramaphosa.Dans sa note hebdomadaire \u00e0 la nation, Ramaphosa a rejet\u00e9 l\u2019id\u00e9e que l\u2019Afrique \u00e9tait sur le point d\u2019\u00eatre re-colonis\u00e9e apr\u00e8s le Sommet Russie-Afrique de la semaine derni\u00e8re \u00e0 Sotchi.<\/p>\n<p>Le pr\u00e9sident sud-africain a ajout\u00e9 qu\u2019il \u00e9tait faux de qualifier les initiatives telles que les sommets Russie-Afrique, Chine-Afrique et Japon-Afrique de tentatives d\u2019\u00e9largir leur influence g\u00e9opolitique sur le continent.<\/p>\n<p>Ramaphosa, qui a pris part au sommet de Stochi en compagnie d\u2019une quarantaine d\u2019autres chefs d\u2019Etat africains, a d\u00e9clar\u00e9 que c\u2019\u00e9tait une occasion pour les superpuissances d\u2019investir sur le continent, sur des bases mutuellement avantageuses.<\/p>\n<p>L\u2019engagement de l\u2019Afrique avec la F\u00e9d\u00e9ration de Russie contribuerait \u00e0 renforcer la zone de libre-\u00e9change continentale africaine (ZLECA) qui devrait entrer en vigueur en 2020, a-t-il ajout\u00e9.<\/p>\n<p>Dans sa note, Ramaphosa a expliqu\u00e9 que l\u2019Afrique du Sud mettrait \u00e0 profit sa pr\u00e9sidence de l\u2019Union africaine en 2020 pour que l\u2019Afrique puisse commercer et s\u2019engager avec le monde \u00e0 des conditions qu\u2019elle aura d\u00e9finies elle-m\u00eame.<\/p>\n<\/div>\n<p>Auteur: APA News<br \/>\n<a href=\"https:\/\/www.journalducameroun.com\/ramaphosa-defend-les-propositions-russe-et-chinoise-a-lafrique\/\">Cliquez ici pour lire l&rsquo;article depuis sa source.<\/a><\/p>\n","protected":false},"excerpt":{"rendered":"<p>Publi\u00e9 le 28.10.2019 \u00e0 19h18 par APA News L\u2019Afrique est capable de commercer et de s\u2019engager, \u00e0 ses conditions, avec des partenaires mondiaux comme la Russie, a d\u00e9clar\u00e9 lundi le pr\u00e9sident sud-africain Cyril Ramaphosa.Dans sa note hebdomadaire \u00e0 la nation, Ramaphosa a rejet\u00e9 l\u2019id\u00e9e que l\u2019Afrique \u00e9tait sur le point d\u2019\u00eatre re-colonis\u00e9e apr\u00e8s le Sommet [&hellip;]<\/p>\n","protected":false},"author":1965,"featured_media":0,"comment_status":"closed","ping_status":"closed","sticky":false,"template":"","format":"standard","meta":{"fifu_image_url":"","fifu_image_alt":"","footnotes":""},"categories":[73,82],"tags":[],"class_list":["post-65837","post","type-post","status-publish","format-standard","hentry","category-actualite","category-cameroun"],"_links":{"self":[{"href":"https:\/\/linitiative.ca\/International\/wp-json\/wp\/v2\/posts\/65837","targetHints":{"allow":["GET"]}}],"collection":[{"href":"https:\/\/linitiative.ca\/International\/wp-json\/wp\/v2\/posts"}],"about":[{"href":"https:\/\/linitiative.ca\/International\/wp-json\/wp\/v2\/types\/post"}],"author":[{"embeddable":true,"href":"https:\/\/linitiative.ca\/International\/wp-json\/wp\/v2\/users\/1965"}],"replies":[{"embeddable":true,"href":"https:\/\/linitiative.ca\/International\/wp-json\/wp\/v2\/comments?post=65837"}],"version-history":[{"count":0,"href":"https:\/\/linitiative.ca\/International\/wp-json\/wp\/v2\/posts\/65837\/revisions"}],"wp:attachment":[{"href":"https:\/\/linitiative.ca\/International\/wp-json\/wp\/v2\/media?parent=65837"}],"wp:term":[{"taxonomy":"category","embeddable":true,"href":"https:\/\/linitiative.ca\/International\/wp-json\/wp\/v2\/categories?post=65837"},{"taxonomy":"post_tag","embeddable":true,"href":"https:\/\/linitiative.ca\/International\/wp-json\/wp\/v2\/tags?post=65837"}],"curies":[{"name":"wp","href":"https:\/\/api.w.org\/{rel}","templated":true}]}}