{"id":65840,"date":"2019-10-28T15:18:03","date_gmt":"2019-10-28T19:18:03","guid":{"rendered":"https:\/\/linitiative.ca\/International\/proclamation-des-laureats-du-prix-chinguitt-en-mauritanie\/"},"modified":"2019-10-28T15:18:03","modified_gmt":"2019-10-28T19:18:03","slug":"proclamation-des-laureats-du-prix-chinguitt-en-mauritanie","status":"publish","type":"post","link":"https:\/\/linitiative.ca\/International\/proclamation-des-laureats-du-prix-chinguitt-en-mauritanie\/","title":{"rendered":"Proclamation des laur\u00e9ats du Prix Chinguitt en Mauritanie"},"content":{"rendered":"<div readability=\"32\">\n<p>Publi\u00e9 le 28.10.2019 \u00e0 20h18 par APA News<\/p>\n<\/div>\n<div readability=\"59\">\n<p>Les noms des laur\u00e9ats du Prix Chinguitt, le plus prestigieux du genre en Mauritanie, ont \u00e9t\u00e9 proclam\u00e9s dans les diff\u00e9rentes disciplines concern\u00e9es, lundi \u00e0 Nouakchott.Ainsi, le prix des sciences et techniques a \u00e9t\u00e9 attribu\u00e9 en partage aux chercheurs Mohamed Abdel Wedoud Ould M\u2019hamed et Mohamed Vadel Deida, a indiqu\u00e9 le Conseil du prix Chinguitt dans un communiqu\u00e9.<\/p>\n<p>Ces derniers ont \u00e9t\u00e9 prim\u00e9s respectivement pour un travail sur \u00ab\u00a0la pr\u00e9paration et la caract\u00e9risation des nanoparticules et l\u2019\u00e9tude de leur pouvoir d\u2019absorption et application \u00e0 la production d\u2019eau potable (d\u00e9pollution, dessalement, etc.)\u00a0\u00bb et un autre sur \u00ab\u00a0la pr\u00e9paration et la caract\u00e9risation chimique et physico-chimique de la partie soluble de l\u2019exsudat de commiphora Africana apr\u00e8s purification pouss\u00e9e\u00a0\u00bb.<\/p>\n<p>Le communiqu\u00e9 a ajout\u00e9 que le prix des \u00e9tudes islamiques est revenu, en partage \u00e9galement, aux travaux sur \u00ab\u00a0l\u2019approche qui permet d\u2019acc\u00e9der aux \u00e9tapes des fondamentaux\u00a0\u00bb du Dr. Mohammed Yahya O. Med Abdallahi Ould Limam et sur \u00ab\u00a0le r\u00f4le des Us et M\u0153urs dans les jugements d\u00e9finis dans le trait\u00e9 de Khalil\u00a0\u00bb du Dr. Mohammed Lemine O Med Mahmoud.<\/p>\n<p>Quant au prix de la litt\u00e9rature et des arts, il a \u00e9t\u00e9 accord\u00e9 \u00e0 une recherche sur \u00ab\u00a0la culture chinguitienne en Afrique de l\u2019Ouest jusqu\u2019au 20e si\u00e8cle\u00a0\u00bb du Dr Mariem Mint Abdella Bin Babadine.<\/p>\n<\/div>\n<p>Auteur: APA News<br \/>\n<a href=\"https:\/\/www.journalducameroun.com\/proclamation-des-laureats-du-prix-chinguitt-en-mauritanie\/\">Cliquez ici pour lire l&rsquo;article depuis sa source.<\/a><\/p>\n","protected":false},"excerpt":{"rendered":"<p>Publi\u00e9 le 28.10.2019 \u00e0 20h18 par APA News Les noms des laur\u00e9ats du Prix Chinguitt, le plus prestigieux du genre en Mauritanie, ont \u00e9t\u00e9 proclam\u00e9s dans les diff\u00e9rentes disciplines concern\u00e9es, lundi \u00e0 Nouakchott.Ainsi, le prix des sciences et techniques a \u00e9t\u00e9 attribu\u00e9 en partage aux chercheurs Mohamed Abdel Wedoud Ould M\u2019hamed et Mohamed Vadel Deida, [&hellip;]<\/p>\n","protected":false},"author":1965,"featured_media":0,"comment_status":"closed","ping_status":"closed","sticky":false,"template":"","format":"standard","meta":{"fifu_image_url":"","fifu_image_alt":"","footnotes":""},"categories":[73,82],"tags":[],"class_list":["post-65840","post","type-post","status-publish","format-standard","hentry","category-actualite","category-cameroun"],"_links":{"self":[{"href":"https:\/\/linitiative.ca\/International\/wp-json\/wp\/v2\/posts\/65840","targetHints":{"allow":["GET"]}}],"collection":[{"href":"https:\/\/linitiative.ca\/International\/wp-json\/wp\/v2\/posts"}],"about":[{"href":"https:\/\/linitiative.ca\/International\/wp-json\/wp\/v2\/types\/post"}],"author":[{"embeddable":true,"href":"https:\/\/linitiative.ca\/International\/wp-json\/wp\/v2\/users\/1965"}],"replies":[{"embeddable":true,"href":"https:\/\/linitiative.ca\/International\/wp-json\/wp\/v2\/comments?post=65840"}],"version-history":[{"count":0,"href":"https:\/\/linitiative.ca\/International\/wp-json\/wp\/v2\/posts\/65840\/revisions"}],"wp:attachment":[{"href":"https:\/\/linitiative.ca\/International\/wp-json\/wp\/v2\/media?parent=65840"}],"wp:term":[{"taxonomy":"category","embeddable":true,"href":"https:\/\/linitiative.ca\/International\/wp-json\/wp\/v2\/categories?post=65840"},{"taxonomy":"post_tag","embeddable":true,"href":"https:\/\/linitiative.ca\/International\/wp-json\/wp\/v2\/tags?post=65840"}],"curies":[{"name":"wp","href":"https:\/\/api.w.org\/{rel}","templated":true}]}}