{"id":65843,"date":"2019-10-28T12:54:02","date_gmt":"2019-10-28T16:54:02","guid":{"rendered":"https:\/\/linitiative.ca\/International\/le-gicam-veut-une-refondation-des-relations-entre-la-france-et-les-entreprises-camerounaises\/"},"modified":"2019-10-28T12:54:02","modified_gmt":"2019-10-28T16:54:02","slug":"le-gicam-veut-une-refondation-des-relations-entre-la-france-et-les-entreprises-camerounaises","status":"publish","type":"post","link":"https:\/\/linitiative.ca\/International\/le-gicam-veut-une-refondation-des-relations-entre-la-france-et-les-entreprises-camerounaises\/","title":{"rendered":"Le GICAM veut une refondation des relations entre la France et les entreprises camerounaises"},"content":{"rendered":"<p>Lors d\u2019une visite effectu\u00e9e au Cameroun les 23 et 24 octobre 2019, <strong>Jean-Yves Le Drian<\/strong> \u00e9tait l\u2019invit\u00e9 du Groupement inter patronal du Cameroun (<strong>GICAM<\/strong>) au si\u00e8ge de cette institution \u00e0 Douala. Rencontre au cours de laquelle le pr\u00e9sident du GICAM, <strong>C\u00e9lestin Tawamba<\/strong>, a exprim\u00e9 le souhait de la communaut\u00e9 des affaires du Cameroun que cette rencontre marque le point de d\u00e9part de la refondation du partenariat entre la France et le monde des affaires camerounais. <em>\u00ab\u00a0Il s\u2019agit de red\u00e9finir cette relation\u00a0dans le sens d\u2019un partenariat r\u00e9nov\u00e9, responsable, \u00e9quilibr\u00e9, ouvert et f\u00e9cond, dans lequel l\u2019Entreprise et le secteur priv\u00e9 sont plac\u00e9s au c\u0153ur de la strat\u00e9gie de d\u00e9veloppement\u00a0\u00bb<\/em>, a-t-il indiqu\u00e9.<\/p>\n<p>Cette dynamique souhait\u00e9e reposerait sur plusieurs principes. Les patrons\u00a0 camerounais pensent en effet que cela devrait passer par l\u2019appui \u00e0 l\u2019am\u00e9lioration du climat des affaires propice au d\u00e9veloppement des entreprises et donc \u00e0 la cr\u00e9ation de la richesse et d\u2019emplois\u00a0; la prise de mesures appropri\u00e9es pour am\u00e9liorer la fluidit\u00e9 des op\u00e9rations des transferts et \u00e0 dissiper les inqui\u00e9tudes portant sur le risque de d\u00e9valuation du <strong>franc CFA<\/strong>, afin de r\u00e9tablir un minium de confiance avec nos partenaires.<\/p>\n<p>La refondation du partenariat reposerait \u00e9galement sur le renforcement des capacit\u00e9s des personnels de l\u2019administration et l\u2019acquisition d\u2019une culture pro-business, ainsi que l\u2019affectation d\u2019une partie du financement du Contrat d\u00e9sendettement-d\u00e9veloppement (<strong>C2D<\/strong>) \u00e0 la reconstruction des infrastructures prioritaires dans les r\u00e9gions du Nord-ouest et du Sud-ouest, dans le cadre de la mise en \u0153uvre des recommandations du Grand Dialogue National. La r\u00e9orientation d\u2019une partie de l\u2019aide publique au d\u00e9veloppement vers les secteurs priv\u00e9s productifs \u00e0 fort potentiel d\u2019emploi, le changement de paradigme des modalit\u00e9s d\u2019appui au secteur priv\u00e9 des organismes sp\u00e9cialis\u00e9s afin d\u2019adapter les financements aux besoins et sp\u00e9cificit\u00e9s des Pme, et l\u2019infl\u00e9chissement des programmes du FMI dont la mise en \u0153uvre dans nos pays se traduit en g\u00e9n\u00e9ral par une pression fiscale accrue et contre-productive sur les entreprises du secteur formel d\u00e9j\u00e0 fragilis\u00e9es par les co\u00fbts de facteurs, sont d\u2019autres pistes \u00e0 explorer.<\/p>\n<p><strong>Jean-Yves Le Drian<\/strong>, dans sa prise de parole, a r\u00e9v\u00e9l\u00e9 que sa pr\u00e9sence au Cameroun rentre dans le cadre de la relance du partenariat entre ce pays et la France, telle que voulue par son pr\u00e9sident <strong>Emmanuel Macron<\/strong>. Il a acquiesc\u00e9 que cette relance passe par un partenariat entre les entreprises camerounaises et fran\u00e7aises. La France souhaite aussi renforcer le Cameroun dans l\u2019int\u00e9gration nationale, l\u2019am\u00e9lioration du climat des affaires reconnaissant l\u2019existence de contraintes telles que la fiscalit\u00e9, les d\u00e9lais de transfert de fonds, le contexte d\u2019ins\u00e9curit\u00e9\u2026 Dispos\u00e9e \u00e0 aller jusqu\u2019au bout de son engagement, elle a relanc\u00e9\u00a0 le dialogue sur le sujet des devises, les arri\u00e9r\u00e9es de paiement de certaines entreprises fran\u00e7aises et suit de pr\u00e8s l\u2019engagement du soutien budg\u00e9taire.<\/p>\n<div class=\"about-author about-author-box container-wrapper\">\n<div class=\"author-avatar\">\n<p><img decoding=\"async\" src=\"http:\/\/\" alt=\"\"\/><\/p>\n<\/div>\n<p><h4>La R\u00e9daction EcoMatin<\/h4>\n<\/p>\n<\/div>\n<div class=\"awac-wrapper awac widget blog_subscription-2\">\n<h4 class=\"widget-title\">Abonnez-vous \u00e0 notre lettre d&rsquo;information<\/h4>\n<\/div>\n<p>Auteur: EcoMatin<br \/>\n<a href=\"https:\/\/ecomatin.net\/le-gicam-veut-une-refondation-des-relations-entre-la-france-et-les-entreprises-camerounaises\/\">Cliquez ici pour lire l&rsquo;article depuis sa source.<\/a><\/p>\n","protected":false},"excerpt":{"rendered":"<p>Lors d\u2019une visite effectu\u00e9e au Cameroun les 23 et 24 octobre 2019, Jean-Yves Le Drian \u00e9tait l\u2019invit\u00e9 du Groupement inter patronal du Cameroun (GICAM) au si\u00e8ge de cette institution \u00e0 Douala. Rencontre au cours de laquelle le pr\u00e9sident du GICAM, C\u00e9lestin Tawamba, a exprim\u00e9 le souhait de la communaut\u00e9 des affaires du Cameroun que cette [&hellip;]<\/p>\n","protected":false},"author":1969,"featured_media":0,"comment_status":"closed","ping_status":"closed","sticky":false,"template":"","format":"standard","meta":{"fifu_image_url":"","fifu_image_alt":"","footnotes":""},"categories":[82,78],"tags":[],"class_list":["post-65843","post","type-post","status-publish","format-standard","hentry","category-cameroun","category-economie"],"_links":{"self":[{"href":"https:\/\/linitiative.ca\/International\/wp-json\/wp\/v2\/posts\/65843","targetHints":{"allow":["GET"]}}],"collection":[{"href":"https:\/\/linitiative.ca\/International\/wp-json\/wp\/v2\/posts"}],"about":[{"href":"https:\/\/linitiative.ca\/International\/wp-json\/wp\/v2\/types\/post"}],"author":[{"embeddable":true,"href":"https:\/\/linitiative.ca\/International\/wp-json\/wp\/v2\/users\/1969"}],"replies":[{"embeddable":true,"href":"https:\/\/linitiative.ca\/International\/wp-json\/wp\/v2\/comments?post=65843"}],"version-history":[{"count":0,"href":"https:\/\/linitiative.ca\/International\/wp-json\/wp\/v2\/posts\/65843\/revisions"}],"wp:attachment":[{"href":"https:\/\/linitiative.ca\/International\/wp-json\/wp\/v2\/media?parent=65843"}],"wp:term":[{"taxonomy":"category","embeddable":true,"href":"https:\/\/linitiative.ca\/International\/wp-json\/wp\/v2\/categories?post=65843"},{"taxonomy":"post_tag","embeddable":true,"href":"https:\/\/linitiative.ca\/International\/wp-json\/wp\/v2\/tags?post=65843"}],"curies":[{"name":"wp","href":"https:\/\/api.w.org\/{rel}","templated":true}]}}