{"id":65844,"date":"2019-10-28T13:05:15","date_gmt":"2019-10-28T17:05:15","guid":{"rendered":"https:\/\/linitiative.ca\/International\/installation-a-risques-pour-16-sous-prefets-des-regions-anglophones\/"},"modified":"2019-10-28T13:05:15","modified_gmt":"2019-10-28T17:05:15","slug":"installation-a-risques-pour-16-sous-prefets-des-regions-anglophones","status":"publish","type":"post","link":"https:\/\/linitiative.ca\/International\/installation-a-risques-pour-16-sous-prefets-des-regions-anglophones\/","title":{"rendered":"Installation \u00e0 risques pour 16 sous-pr\u00e9fets des r\u00e9gions anglophones"},"content":{"rendered":"<div class=\"featured-area featured-area-inner\"><img loading=\"lazy\" decoding=\"async\" width=\"780\" height=\"405\" src=\"https:\/\/i1.wp.com\/ecomatin.net\/wp-content\/uploads\/2019\/10\/ecomatin.net-installation-a-risques-pour-16-sous-prefets-des-regions-anglophones-sous-prefet-casque640-780x440.jpg?resize=780%2C405&#038;ssl=1&#038;is-pending-load=1\" class=\"attachment-jannah-image-post size-jannah-image-post wp-post-image jetpack-lazy-image\" alt=\"\" data-attachment-id=\"13462\" data-permalink=\"https:\/\/ecomatin.net\/installation-a-risques-pour-16-sous-prefets-des-regions-anglophones\/sous-prefet-casque640-780x440\/\" data-orig-file=\"https:\/\/i1.wp.com\/ecomatin.net\/wp-content\/uploads\/2019\/10\/ecomatin.net-installation-a-risques-pour-16-sous-prefets-des-regions-anglophones-sous-prefet-casque640-780x440.jpg?fit=780%2C440&#038;ssl=1\" data-orig-size=\"780,440\" data-comments-opened=\"0\" data-image-meta=\"{\"aperture\":\"0\",\"credit\":\"\",\"camera\":\"\",\"caption\":\"\",\"created_timestamp\":\"0\",\"copyright\":\"\",\"focal_length\":\"0\",\"iso\":\"0\",\"shutter_speed\":\"0\",\"title\":\"\",\"orientation\":\"0\"}\" data-image-title=\"sous-prefet-casque640-780\u00d7440\" data-image-description=\"\" data-medium-file=\"https:\/\/i1.wp.com\/ecomatin.net\/wp-content\/uploads\/2019\/10\/ecomatin.net-installation-a-risques-pour-16-sous-prefets-des-regions-anglophones-sous-prefet-casque640-780x440.jpg?fit=300%2C169&#038;ssl=1\" data-large-file=\"https:\/\/i1.wp.com\/ecomatin.net\/wp-content\/uploads\/2019\/10\/ecomatin.net-installation-a-risques-pour-16-sous-prefets-des-regions-anglophones-sous-prefet-casque640-780x440.jpg?fit=780%2C440&#038;ssl=1\" srcset=\"data:image\/gif;base64,R0lGODlhAQABAIAAAAAAAP\/\/\/yH5BAEAAAAALAAAAAABAAEAAAIBRAA7\"\/><\/div>\n<div class=\"entry-content entry clearfix\" readability=\"61\">\n<p>L\u2019installation des pr\u00e9fets et sous-pr\u00e9fets nomm\u00e9s par d\u00e9cret pr\u00e9sidentiel du 7 octobre 2019 se poursuit dans diff\u00e9rentes circonscriptions administratives. Les prises de fonction ne se d\u00e9roulent cependant pas de la m\u00eame mani\u00e8re. A en croire certains sites d\u2019informations, la menace plane dans les r\u00e9gions du Nord-ouest-et du Sud-ouest.<\/p>\n<p>L\u2019on apprend ainsi que 16 sous-pr\u00e9fets de ces r\u00e9gions tardent \u00e0 prendre fonctions.\u00a0 Au Nord-ouest par exemple sont concern\u00e9s <strong>Andrew Monoke Epule,<\/strong> nomm\u00e9 sous-pr\u00e9fet de l\u2019arrondissement de Jakiri. Dans le d\u00e9partement de la Menchum, <strong>Christian Azise Fomlah Foncha<\/strong> est attendu pour servir l\u2019arrondissement de la Menchum-Valley. Dans le Sud-ouest, <strong>Eselakwe Emile Atehmbapang<\/strong>, administrateur civil devra occuper ses fonctions de sous-pr\u00e9fet dans l\u2019arrondissement de Menji.<\/p>\n<p>Pourtant en tant qu\u2019anciens \u00e9l\u00e8ves de l\u2019Ecole normale d\u2019administration et de magistrature (<strong>ENAM<\/strong>), ils sont astreints \u00e0 \u00eatre d\u00e9ploy\u00e9s dans toutes zones comme le veut le d\u00e9cret n\u00b0 78\/CE\/2019\/007\u00a0 qui stipule que <em>\u00ab\u00a0tous les dipl\u00f4m\u00e9s de l\u2019ENAM doivent \u00eatre pr\u00eats \u00e0 \u00eatre d\u00e9ploy\u00e9s dans toute zone et \u00e0 tout moment\u00a0\u00bb<\/em>. Ce qui n\u2019est plus tr\u00e8s ais\u00e9. Depuis le d\u00e9but de la crise s\u00e9curitaire dans ces r\u00e9gions, les autorit\u00e9s administratives sont cibl\u00e9es par les attaques et les enl\u00e8vements. En novembre 2018, le sous-pr\u00e9fet de l\u2019arrondissement de Noni situ\u00e9 dans la r\u00e9gion du Nord-Ouest, d\u00e9partement de Bui, avait \u00e9t\u00e9 enlev\u00e9 par un groupe arm\u00e9 du mouvement s\u00e9paratiste anglophone.<\/p>\n<p>Le 11 f\u00e9vrier 2018, celui de Batibo avait \u00e9t\u00e9 enlev\u00e9 et quelques jours apr\u00e8s, un autre rapt avait \u00e9t\u00e9 lanc\u00e9 \u00e0 l\u2019endroit du d\u00e9l\u00e9gu\u00e9 r\u00e9gional des affaires sociales pour le Nord-ouest. Jusqu\u2019\u00e0 ce jour leurs familles respectives sont sans leurs nouvelles.<\/p>\n<div class=\"about-author about-author-box container-wrapper\">\n<div class=\"author-avatar\">\n<p><img decoding=\"async\" src=\"http:\/\/\" alt=\"\"\/><\/p>\n<\/div>\n<p><h4>La R\u00e9daction EcoMatin<\/h4>\n<\/p>\n<\/div>\n<div class=\"awac-wrapper awac widget blog_subscription-2\">\n<h4 class=\"widget-title\">Abonnez-vous \u00e0 notre lettre d&rsquo;information<\/h4>\n<\/div>\n<\/div>\n<div class=\"toggle-post-content clearfix\"><a id=\"toggle-post-button\" class=\"button\" href=\"#\">Afficher plus <\/a><\/div>\n<p>Auteur: EcoMatin<br \/>\n<a href=\"https:\/\/ecomatin.net\/installation-a-risques-pour-16-sous-prefets-des-regions-anglophones\/\">Cliquez ici pour lire l&rsquo;article depuis sa source.<\/a><\/p>\n","protected":false},"excerpt":{"rendered":"<p>L\u2019installation des pr\u00e9fets et sous-pr\u00e9fets nomm\u00e9s par d\u00e9cret pr\u00e9sidentiel du 7 octobre 2019 se poursuit dans diff\u00e9rentes circonscriptions administratives. Les prises de fonction ne se d\u00e9roulent cependant pas de la m\u00eame mani\u00e8re. A en croire certains sites d\u2019informations, la menace plane dans les r\u00e9gions du Nord-ouest-et du Sud-ouest. L\u2019on apprend ainsi que 16 sous-pr\u00e9fets de [&hellip;]<\/p>\n","protected":false},"author":1969,"featured_media":0,"comment_status":"closed","ping_status":"closed","sticky":false,"template":"","format":"standard","meta":{"fifu_image_url":"","fifu_image_alt":"","footnotes":""},"categories":[82,78],"tags":[],"class_list":["post-65844","post","type-post","status-publish","format-standard","hentry","category-cameroun","category-economie"],"_links":{"self":[{"href":"https:\/\/linitiative.ca\/International\/wp-json\/wp\/v2\/posts\/65844","targetHints":{"allow":["GET"]}}],"collection":[{"href":"https:\/\/linitiative.ca\/International\/wp-json\/wp\/v2\/posts"}],"about":[{"href":"https:\/\/linitiative.ca\/International\/wp-json\/wp\/v2\/types\/post"}],"author":[{"embeddable":true,"href":"https:\/\/linitiative.ca\/International\/wp-json\/wp\/v2\/users\/1969"}],"replies":[{"embeddable":true,"href":"https:\/\/linitiative.ca\/International\/wp-json\/wp\/v2\/comments?post=65844"}],"version-history":[{"count":0,"href":"https:\/\/linitiative.ca\/International\/wp-json\/wp\/v2\/posts\/65844\/revisions"}],"wp:attachment":[{"href":"https:\/\/linitiative.ca\/International\/wp-json\/wp\/v2\/media?parent=65844"}],"wp:term":[{"taxonomy":"category","embeddable":true,"href":"https:\/\/linitiative.ca\/International\/wp-json\/wp\/v2\/categories?post=65844"},{"taxonomy":"post_tag","embeddable":true,"href":"https:\/\/linitiative.ca\/International\/wp-json\/wp\/v2\/tags?post=65844"}],"curies":[{"name":"wp","href":"https:\/\/api.w.org\/{rel}","templated":true}]}}