{"id":65845,"date":"2019-10-28T13:12:57","date_gmt":"2019-10-28T17:12:57","guid":{"rendered":"https:\/\/linitiative.ca\/International\/lheritage-que-laisse-patrick-ekema-defunt-maire-de-buea\/"},"modified":"2019-10-28T13:12:57","modified_gmt":"2019-10-28T17:12:57","slug":"lheritage-que-laisse-patrick-ekema-defunt-maire-de-buea","status":"publish","type":"post","link":"https:\/\/linitiative.ca\/International\/lheritage-que-laisse-patrick-ekema-defunt-maire-de-buea\/","title":{"rendered":"L\u2019h\u00e9ritage que laisse Patrick Ekema, d\u00e9funt maire de Buea"},"content":{"rendered":"<div class=\"featured-area featured-area-inner\"><img loading=\"lazy\" decoding=\"async\" width=\"528\" height=\"405\" src=\"https:\/\/i1.wp.com\/ecomatin.net\/wp-content\/uploads\/2019\/10\/ecomatin.net-lheritage-que-laisse-patrick-ekema-defunt-maire-de-buea-patrick-ekema-maire-de-bua-quitte-la-scene-a-47-ans..jpg?resize=528%2C405&#038;ssl=1&#038;is-pending-load=1\" class=\"attachment-jannah-image-post size-jannah-image-post wp-post-image jetpack-lazy-image\" alt=\"\" data-attachment-id=\"13466\" data-permalink=\"https:\/\/ecomatin.net\/lheritage-que-laisse-patrick-ekema-defunt-maire-de-buea\/patrick-ekema-maire-de-bua-quitte-la-scene-a-47-ans\/\" data-orig-file=\"https:\/\/i1.wp.com\/ecomatin.net\/wp-content\/uploads\/2019\/10\/ecomatin.net-lheritage-que-laisse-patrick-ekema-defunt-maire-de-buea-patrick-ekema-maire-de-bua-quitte-la-scene-a-47-ans..jpg?fit=528%2C528&#038;ssl=1\" data-orig-size=\"528,528\" data-comments-opened=\"0\" data-image-meta=\"{\"aperture\":\"0\",\"credit\":\"\",\"camera\":\"\",\"caption\":\"\",\"created_timestamp\":\"0\",\"copyright\":\"\",\"focal_length\":\"0\",\"iso\":\"0\",\"shutter_speed\":\"0\",\"title\":\"\",\"orientation\":\"0\"}\" data-image-title=\"Patrick-Ekema, maire de Bua, quitte la scene \u00e0 47 ans.\" data-image-description=\"\" data-medium-file=\"https:\/\/i1.wp.com\/ecomatin.net\/wp-content\/uploads\/2019\/10\/ecomatin.net-lheritage-que-laisse-patrick-ekema-defunt-maire-de-buea-patrick-ekema-maire-de-bua-quitte-la-scene-a-47-ans..jpg?fit=300%2C300&#038;ssl=1\" data-large-file=\"https:\/\/i1.wp.com\/ecomatin.net\/wp-content\/uploads\/2019\/10\/ecomatin.net-lheritage-que-laisse-patrick-ekema-defunt-maire-de-buea-patrick-ekema-maire-de-bua-quitte-la-scene-a-47-ans..jpg?fit=528%2C528&#038;ssl=1\" srcset=\"data:image\/gif;base64,R0lGODlhAQABAIAAAAAAAP\/\/\/yH5BAEAAAAALAAAAAABAAEAAAIBRAA7\"\/><\/div>\n<div class=\"entry-content entry clearfix\" readability=\"67\">\n<p>Un puissant alli\u00e9 du pouvoir de Yaound\u00e9 a quitt\u00e9 la sc\u00e8ne. <strong>Patrick Ekema<\/strong>, maire de la ville de Buea d\u00e9cid\u00e9 dimanche, repr\u00e9sentait \u00e0 lui seul le bouclier du gouvernement dans la fournaise de Buea. Ces quatre derni\u00e8res ann\u00e9es, il est devenu un acteur majeur de la r\u00e9sorption de la crise qui secoue les r\u00e9gions anglophones du Cameroun depuis fin 2016. En tant que maire, il a contrari\u00e9 les projets ind\u00e9pendantistes dans la m\u00e9tropole qu\u2019il administrait.<\/p>\n<p>L\u2019influent maire de 46 ans \u00e9tait notamment en op\u00e9ration contre les mots d\u2019ordre de ville morte, impos\u00e9s par les s\u00e9paratistes. L\u2019une de ses m\u00e9thodes consistait par exemple \u00e0 faire sceller les commerces de tous ceux qui refusaient d\u2019ouvrir boutique par adh\u00e9sion \u00e0 ces mots d\u2019ordre.<\/p>\n<p><em>\u00ab Une chose qui me d\u00e9passe parce que moi je ne sais pas comment on doit continuer \u00e0 travailler sans lui. Il \u00e9tait comme le baobab ici \u00e0 Bua et tout le monde connait \u00bb<\/em>, s\u2019accable le secr\u00e9taire g\u00e9n\u00e9ral de la commune de Buea. <em>\u00ab En venant ici au bureau, je trouve que l\u2019officier judiciaire est en train de sceller le bureau. C\u2019est en ce moment que j\u2019ai \u00e9t\u00e9 convaincu que c\u2019est fini ; que mon boss n\u2019est plus l\u00e0 \u00bb<\/em>, se d\u00e9sole l\u2019un des proches collaborateurs du d\u00e9funt.<\/p>\n<p>De la m\u00eame fa\u00e7on,\u00a0<strong>Patrick Ekema<\/strong>\u00a0fournissait des taxis \u00e0 la ville lorsque, par peur de repr\u00e9sailles, les taximen s\u2019abstenaient de rouler. Il \u00e9tait ainsi devenu l\u2019ennemi public num\u00e9ro 1 des s\u00e9paratistes qui en avaient fait une cible. A telle enseigne qu\u2019il vivait surprot\u00e9g\u00e9 dans sa r\u00e9sidence de Buea. En septembre 2017, sa r\u00e9sidence avait m\u00eame fait l\u2019objet d\u2019une violente attaque et plusieurs de ses biens avaient \u00e9t\u00e9 saccag\u00e9s.<\/p>\n<p>Rappelons que c\u2019est en octobre 2013 que\u00a0<strong>Patrick Ekema<\/strong>\u00a0a \u00e9t\u00e9 port\u00e9 \u00e0 la t\u00eate de la commune de Bua. Pendant son mandat, il a \u00e9t\u00e9 r\u00e9compens\u00e9 de plusieurs titres honorifiques parmi lesquels celui de\u00a0<em>\u00ab\u00a0Nyamoto Patolo\u00a0\u00bb<\/em>\u00a0qui lui a \u00e9t\u00e9 d\u00e9cern\u00e9 par le peule du Sud et dont la signification est <em>\u00ab\u00a0Grand guerrier\u00a0\u00bb.<\/em><\/p>\n<div class=\"about-author about-author-box container-wrapper\">\n<div class=\"author-avatar\">\n<p><img decoding=\"async\" src=\"http:\/\/\" alt=\"\"\/><\/p>\n<\/div>\n<p><h4>La R\u00e9daction EcoMatin<\/h4>\n<\/p>\n<\/div>\n<div class=\"awac-wrapper awac widget blog_subscription-2\">\n<h4 class=\"widget-title\">Abonnez-vous \u00e0 notre lettre d&rsquo;information<\/h4>\n<\/div>\n<\/div>\n<div class=\"toggle-post-content clearfix\"><a id=\"toggle-post-button\" class=\"button\" href=\"#\">Afficher plus <\/a><\/div>\n<p>Auteur: EcoMatin<br \/>\n<a href=\"https:\/\/ecomatin.net\/lheritage-que-laisse-patrick-ekema-defunt-maire-de-buea\/\">Cliquez ici pour lire l&rsquo;article depuis sa source.<\/a><\/p>\n","protected":false},"excerpt":{"rendered":"<p>Un puissant alli\u00e9 du pouvoir de Yaound\u00e9 a quitt\u00e9 la sc\u00e8ne. Patrick Ekema, maire de la ville de Buea d\u00e9cid\u00e9 dimanche, repr\u00e9sentait \u00e0 lui seul le bouclier du gouvernement dans la fournaise de Buea. Ces quatre derni\u00e8res ann\u00e9es, il est devenu un acteur majeur de la r\u00e9sorption de la crise qui secoue les r\u00e9gions anglophones [&hellip;]<\/p>\n","protected":false},"author":1969,"featured_media":0,"comment_status":"closed","ping_status":"closed","sticky":false,"template":"","format":"standard","meta":{"fifu_image_url":"","fifu_image_alt":"","footnotes":""},"categories":[82,78],"tags":[],"class_list":["post-65845","post","type-post","status-publish","format-standard","hentry","category-cameroun","category-economie"],"_links":{"self":[{"href":"https:\/\/linitiative.ca\/International\/wp-json\/wp\/v2\/posts\/65845","targetHints":{"allow":["GET"]}}],"collection":[{"href":"https:\/\/linitiative.ca\/International\/wp-json\/wp\/v2\/posts"}],"about":[{"href":"https:\/\/linitiative.ca\/International\/wp-json\/wp\/v2\/types\/post"}],"author":[{"embeddable":true,"href":"https:\/\/linitiative.ca\/International\/wp-json\/wp\/v2\/users\/1969"}],"replies":[{"embeddable":true,"href":"https:\/\/linitiative.ca\/International\/wp-json\/wp\/v2\/comments?post=65845"}],"version-history":[{"count":0,"href":"https:\/\/linitiative.ca\/International\/wp-json\/wp\/v2\/posts\/65845\/revisions"}],"wp:attachment":[{"href":"https:\/\/linitiative.ca\/International\/wp-json\/wp\/v2\/media?parent=65845"}],"wp:term":[{"taxonomy":"category","embeddable":true,"href":"https:\/\/linitiative.ca\/International\/wp-json\/wp\/v2\/categories?post=65845"},{"taxonomy":"post_tag","embeddable":true,"href":"https:\/\/linitiative.ca\/International\/wp-json\/wp\/v2\/tags?post=65845"}],"curies":[{"name":"wp","href":"https:\/\/api.w.org\/{rel}","templated":true}]}}