{"id":65846,"date":"2019-10-28T13:18:19","date_gmt":"2019-10-28T17:18:19","guid":{"rendered":"https:\/\/linitiative.ca\/International\/45-des-abonnes-au-reseau-electrique-sont-concentres-a-yaounde-et-douala\/"},"modified":"2019-10-28T13:18:19","modified_gmt":"2019-10-28T17:18:19","slug":"45-des-abonnes-au-reseau-electrique-sont-concentres-a-yaounde-et-douala","status":"publish","type":"post","link":"https:\/\/linitiative.ca\/International\/45-des-abonnes-au-reseau-electrique-sont-concentres-a-yaounde-et-douala\/","title":{"rendered":"45% des abonn\u00e9s au r\u00e9seau \u00e9lectrique sont concentr\u00e9s \u00e0 Yaound\u00e9 et Douala"},"content":{"rendered":"<p>Energy Of Cameroon (<strong>ENEO<\/strong>) rapporte que sur les\u00a0<strong>1,258 million d\u2019abonn\u00e9s<\/strong>\u00a0au r\u00e9seau \u00e9lectrique qu\u2019elle a recens\u00e9s, environ\u00a0<strong>45%<\/strong>\u00a0sont concentr\u00e9s \u00e0 Yaound\u00e9 et Douala. Cette information est r\u00e9v\u00e9l\u00e9e dans le rapport 2018 de cette compagnie d\u2019\u00e9lectricit\u00e9, qui d\u00e9tient le contrat de concession du secteur public de l\u2019\u00e9lectricit\u00e9 au Cameroun jusqu\u2019en 2031, suite \u00e0 une prorogation de 10 ans d\u00e9cid\u00e9e par les autorit\u00e9s publiques.<em>\u00a0<\/em>La pr\u00e9dominance des villes de Yaound\u00e9 et de Douala n\u2019est pas propre au seul secteur de l\u2019\u00e9lectricit\u00e9. Dans le secteur des t\u00e9l\u00e9coms, par exemple, le march\u00e9 est concentr\u00e9 \u00e0\u00a0<strong>80%<\/strong>\u00a0dans ces deux principales villes du pays, selon les statistiques officielles.<\/p>\n<p>Par ailleurs, environ\u00a0<strong>600 000 personnes et entreprises\u00a0<\/strong>\u00a0ont eu acc\u00e8s \u00e0 l\u2019\u00e9lectricit\u00e9 au Cameroun en 2018, r\u00e9v\u00e8le le bilan annuel d\u2019Eneo. Parmi ces nouveaux abonn\u00e9s,\u00a0<em>\u00ab 18\u00a0700 consommateurs ill\u00e9gaux\u00a0\u00bb<\/em>\u00a0ont \u00e9t\u00e9 remis dans le circuit l\u00e9gal du concessionnaire. Des r\u00e9sultats, apprend-on, \u00e0 mettre \u00e0 l\u2019actif d\u2019un processus de modernisation de gestion de la distribution.<\/p>\n<p>Sur le plan financier, Energy of Cameroon a r\u00e9duit sa dette qui s\u2019\u00e9l\u00e8ve\u00a0<strong>\u00e0 45 milliards de FCFA<\/strong>. Bien plus, l\u2019entreprise contr\u00f4l\u00e9e par le fonds d\u2019investissement britannique <strong>Actis<\/strong>, r\u00e9alise un exc\u00e9dent brut d\u2019exploitation de\u00a0<strong>53 113 milliards de FCFA,<\/strong>\u00a0soit pr\u00e8s de\u00a0<strong>10 milliards de FCFA<\/strong>\u00a0de plus qu\u2019en 2017 (<strong>43 483 milliards de FCFA<\/strong>). Dans le m\u00eame temps, son chiffre d\u2019affaires se situe \u00e0\u00a0<strong>298,65 milliards de FCFA,<\/strong>\u00a0plus de\u00a0<strong>7 milliards de FCFA<\/strong>\u00a0de plus que 2017 (<strong>291,6 milliards de FCFA<\/strong>).<\/p>\n<p>S\u2019agissant des mauvais chiffres, Eneo annonce avoir perdu une enveloppe de\u00a0<strong>8 milliards de FCFA<\/strong>\u00a0sur ses ventes annuelles, en raison de la crise sociopolitique qui secoue les r\u00e9gions du Sud-ouest et du Nord-ouest depuis 3 ans. Mais, aussi des difficult\u00e9s externes et internes relatives au d\u00e9collage lent du rendement de distribution, la faiblesse des liquidit\u00e9s, l\u2019indisponibilit\u00e9 de l\u2019\u00e9nergie de Memve\u2019ele ont contribu\u00e9 \u00e0 installer le noir dans les m\u00e9nages et plomb\u00e9 en partie la tr\u00e9sorerie de l\u2019entreprise. Toute chose qui a conduit \u00e0 une baisse d\u2019investissements \u00e0\u00a0<strong>30,4 milliards de FCFA\u00a0<\/strong>contre\u00a0<strong>35 milliards de FCFA\u00a0<\/strong>en 2017.<\/p>\n<div class=\"about-author about-author-box container-wrapper\">\n<div class=\"author-avatar\">\n<p><img decoding=\"async\" src=\"http:\/\/\" alt=\"\"\/><\/p>\n<\/div>\n<p><h4>La R\u00e9daction EcoMatin<\/h4>\n<\/p>\n<\/div>\n<div class=\"awac-wrapper awac widget blog_subscription-2\">\n<h4 class=\"widget-title\">Abonnez-vous \u00e0 notre lettre d&rsquo;information<\/h4>\n<\/div>\n<p>Auteur: EcoMatin<br \/>\n<a href=\"https:\/\/ecomatin.net\/45-des-abonnes-au-reseau-electrique-sont-concentres-a-yaounde-et-douala\/\">Cliquez ici pour lire l&rsquo;article depuis sa source.<\/a><\/p>\n","protected":false},"excerpt":{"rendered":"<p>Energy Of Cameroon (ENEO) rapporte que sur les\u00a01,258 million d\u2019abonn\u00e9s\u00a0au r\u00e9seau \u00e9lectrique qu\u2019elle a recens\u00e9s, environ\u00a045%\u00a0sont concentr\u00e9s \u00e0 Yaound\u00e9 et Douala. Cette information est r\u00e9v\u00e9l\u00e9e dans le rapport 2018 de cette compagnie d\u2019\u00e9lectricit\u00e9, qui d\u00e9tient le contrat de concession du secteur public de l\u2019\u00e9lectricit\u00e9 au Cameroun jusqu\u2019en 2031, suite \u00e0 une prorogation de 10 ans [&hellip;]<\/p>\n","protected":false},"author":1969,"featured_media":0,"comment_status":"closed","ping_status":"closed","sticky":false,"template":"","format":"standard","meta":{"fifu_image_url":"","fifu_image_alt":"","footnotes":""},"categories":[82,78],"tags":[],"class_list":["post-65846","post","type-post","status-publish","format-standard","hentry","category-cameroun","category-economie"],"_links":{"self":[{"href":"https:\/\/linitiative.ca\/International\/wp-json\/wp\/v2\/posts\/65846","targetHints":{"allow":["GET"]}}],"collection":[{"href":"https:\/\/linitiative.ca\/International\/wp-json\/wp\/v2\/posts"}],"about":[{"href":"https:\/\/linitiative.ca\/International\/wp-json\/wp\/v2\/types\/post"}],"author":[{"embeddable":true,"href":"https:\/\/linitiative.ca\/International\/wp-json\/wp\/v2\/users\/1969"}],"replies":[{"embeddable":true,"href":"https:\/\/linitiative.ca\/International\/wp-json\/wp\/v2\/comments?post=65846"}],"version-history":[{"count":0,"href":"https:\/\/linitiative.ca\/International\/wp-json\/wp\/v2\/posts\/65846\/revisions"}],"wp:attachment":[{"href":"https:\/\/linitiative.ca\/International\/wp-json\/wp\/v2\/media?parent=65846"}],"wp:term":[{"taxonomy":"category","embeddable":true,"href":"https:\/\/linitiative.ca\/International\/wp-json\/wp\/v2\/categories?post=65846"},{"taxonomy":"post_tag","embeddable":true,"href":"https:\/\/linitiative.ca\/International\/wp-json\/wp\/v2\/tags?post=65846"}],"curies":[{"name":"wp","href":"https:\/\/api.w.org\/{rel}","templated":true}]}}