{"id":65849,"date":"2019-10-29T10:00:17","date_gmt":"2019-10-29T14:00:17","guid":{"rendered":"https:\/\/linitiative.ca\/International\/tafraout-500-personnes-beneficient-dune-campagne-medicale\/"},"modified":"2019-10-29T10:00:17","modified_gmt":"2019-10-29T14:00:17","slug":"tafraout-500-personnes-beneficient-dune-campagne-medicale","status":"publish","type":"post","link":"https:\/\/linitiative.ca\/International\/tafraout-500-personnes-beneficient-dune-campagne-medicale\/","title":{"rendered":"Tafraout : 500 personnes b\u00e9n\u00e9ficient d\u2019une campagne m\u00e9dicale"},"content":{"rendered":"<header>\n<\/header>\n<div class=\"entry-content clearfix\" readability=\"68\"><img decoding=\"async\" class=\"post_layout_5_img\" src=\"http:\/\/aujourdhui.ma\/wp-content\/uploads\/2019\/03\/Tafraout.jpg?x29840\" alt=\"Tafraout : 500 personnes b\u00e9n\u00e9ficient d\u2019une campagne m\u00e9dicale\"\/><\/p>\n<p class=\"p1\"><span class=\"s1 c4\"><strong>Dans le but de s\u2019inscrire dans l\u2019actualit\u00e9 des pr\u00e9occupations du pays au niveau sanitaire, l\u2019Association \u00ab2B\u00bb pour l\u2019appui \u00e0 la sant\u00e9 a organis\u00e9 dimanche une caravane m\u00e9dicale au profit de 500 personnes des habitants de la commune d\u2019Ammeln-Tafraout dans la province de Tiznit.<\/strong><\/span> <span id=\"more-321672\"\/><\/p>\n<p class=\"p1\"><span class=\"s1\">Cette action s\u2019est d\u00e9roul\u00e9e en pr\u00e9sence d\u2019une vingtaine de m\u00e9decins toutes sp\u00e9cialit\u00e9s confondues : pharmaciens, g\u00e9n\u00e9ralistes, dermatologues, ophtalmologues, dentistes, traumatologues, cardiologues, urologues, gyn\u00e9cologues, gastrologues, p\u00e9diatres, ORL.<\/span><\/p>\n<p class=\"p1\"><span class=\"s1\">Outre les consultations m\u00e9dicales, les patients ont b\u00e9n\u00e9fici\u00e9 des soins dentaires qui ont \u00e9t\u00e9 faits sur place, au profit des habitants et des \u00e9l\u00e8ves de l\u2019\u00e9cole d\u2019Ammeln. Ils ont \u00e9galement b\u00e9n\u00e9fici\u00e9 de la distribution de brosses \u00e0 dents et de dentifrices, ainsi que des m\u00e9dicaments gratuits sous prescription m\u00e9dicale.<\/span><\/p>\n<p class=\"p1\"><span class=\"s1\">Il convient de noter que cette caravane m\u00e9dicale a \u00e9t\u00e9 organis\u00e9e en partenariat avec la Soci\u00e9t\u00e9 2B Pharma, et en coordination avec la d\u00e9l\u00e9gation r\u00e9gionale du minist\u00e8re de la sant\u00e9 de la province de Tiznit, Arrondissement d\u2019Ammeln, l\u2019Association Dislougdem pour le d\u00e9veloppement et la coop\u00e9ration, l\u2019Association des m\u00e9decins internes de l\u2019h\u00f4pital universitaire d\u2019Agadir, l\u2019Association Attadamoune d\u2019aides pharmaciens et l\u2019Association marocaine de pr\u00e9vention bucco-dentaire (A.M.P.B.D.) filiale d\u2019Agadir.<\/span><\/p>\n<\/div>\n<p>Auteur: ALM<br \/>\n<a href=\"http:\/\/aujourdhui.ma\/societe\/tafraout-500-personnes-beneficient-dune-campagne-medicale\">Cliquez ici pour lire l&rsquo;article depuis sa source.<\/a><\/p>\n","protected":false},"excerpt":{"rendered":"<p>Dans le but de s\u2019inscrire dans l\u2019actualit\u00e9 des pr\u00e9occupations du pays au niveau sanitaire, l\u2019Association \u00ab2B\u00bb pour l\u2019appui \u00e0 la sant\u00e9 a organis\u00e9 dimanche une caravane m\u00e9dicale au profit de 500 personnes des habitants de la commune d\u2019Ammeln-Tafraout dans la province de Tiznit. Cette action s\u2019est d\u00e9roul\u00e9e en pr\u00e9sence d\u2019une vingtaine de m\u00e9decins toutes sp\u00e9cialit\u00e9s [&hellip;]<\/p>\n","protected":false},"author":1759,"featured_media":0,"comment_status":"closed","ping_status":"closed","sticky":false,"template":"","format":"standard","meta":{"fifu_image_url":"","fifu_image_alt":"","footnotes":""},"categories":[73,54],"tags":[],"class_list":["post-65849","post","type-post","status-publish","format-standard","hentry","category-actualite","category-maroc"],"_links":{"self":[{"href":"https:\/\/linitiative.ca\/International\/wp-json\/wp\/v2\/posts\/65849","targetHints":{"allow":["GET"]}}],"collection":[{"href":"https:\/\/linitiative.ca\/International\/wp-json\/wp\/v2\/posts"}],"about":[{"href":"https:\/\/linitiative.ca\/International\/wp-json\/wp\/v2\/types\/post"}],"author":[{"embeddable":true,"href":"https:\/\/linitiative.ca\/International\/wp-json\/wp\/v2\/users\/1759"}],"replies":[{"embeddable":true,"href":"https:\/\/linitiative.ca\/International\/wp-json\/wp\/v2\/comments?post=65849"}],"version-history":[{"count":0,"href":"https:\/\/linitiative.ca\/International\/wp-json\/wp\/v2\/posts\/65849\/revisions"}],"wp:attachment":[{"href":"https:\/\/linitiative.ca\/International\/wp-json\/wp\/v2\/media?parent=65849"}],"wp:term":[{"taxonomy":"category","embeddable":true,"href":"https:\/\/linitiative.ca\/International\/wp-json\/wp\/v2\/categories?post=65849"},{"taxonomy":"post_tag","embeddable":true,"href":"https:\/\/linitiative.ca\/International\/wp-json\/wp\/v2\/tags?post=65849"}],"curies":[{"name":"wp","href":"https:\/\/api.w.org\/{rel}","templated":true}]}}