{"id":65850,"date":"2019-10-29T10:30:41","date_gmt":"2019-10-29T14:30:41","guid":{"rendered":"https:\/\/linitiative.ca\/International\/la-fondation-attijariwafa-bank-lance-la-4eme-promotion-de-lacademie-des-arts\/"},"modified":"2019-10-29T10:30:41","modified_gmt":"2019-10-29T14:30:41","slug":"la-fondation-attijariwafa-bank-lance-la-4eme-promotion-de-lacademie-des-arts","status":"publish","type":"post","link":"https:\/\/linitiative.ca\/International\/la-fondation-attijariwafa-bank-lance-la-4eme-promotion-de-lacademie-des-arts\/","title":{"rendered":"La Fondation Attijariwafa bank lance la 4\u00e8me promotion de l\u2019Acad\u00e9mie des arts"},"content":{"rendered":"<p><img decoding=\"async\" class=\"post_layout_5_img\" src=\"http:\/\/aujourdhui.ma\/wp-content\/uploads\/2019\/10\/Fondation-Attijariwafa-bank-Acade%CC%81mie-des-arts-Mohammed-El-Kettani-et-Abderrahmane-Banana.jpg?x29840\" alt=\"La Fondation Attijariwafa bank lance la 4\u00e8me promotion de l\u2019Acad\u00e9mie des arts\"\/><\/p>\n<p class=\"p1\"><span class=\"s1 c4\"><strong>Elle en c\u00e9l\u00e8bre les 10 ans d\u2019existence<\/strong><\/span><span id=\"more-321702\"\/><\/p>\n<p class=\"p1\"><span class=\"s1\">Pour sa rentr\u00e9e culturelle, la Fondation Attijariwafa bank organise une double c\u00e9r\u00e9monie, articul\u00e9e autour de l\u2019exposition des \u00e9l\u00e8ves de la promotion 2017-2019 et du lancement de la 4\u00e8me promotion de l\u2019Acad\u00e9mie des arts. Une c\u00e9r\u00e9monie d\u00e9sormais traditionnelle puisqu\u2019elle est \u00e0 sa 4\u00e8me promotion depuis 10 ans avec l\u2019Acad\u00e9mie r\u00e9gionale de l\u2019\u00e9ducation et de la formation de la R\u00e9gion de Casablanca-Settat. <em>\u00ab10 ans d\u00e9j\u00e0 d\u2019engagement au profit d\u2019une jeunesse assoiff\u00e9e d\u2019apprentissage et d\u2019exploration artistique au fil desquels l\u2019Acad\u00e9mie des arts est pass\u00e9e de l\u2019id\u00e9e de rassembler un groupe d\u2019apprenants dans le cadre d\u2019ateliers \u00e9ph\u00e9m\u00e8res et est arriv\u00e9e au stade de maturit\u00e9 avec un nombre constant d\u2019inscrits (100 \u00e9l\u00e8ves par promotion), 3 enseignants contract\u00e9s de mani\u00e8re permanente et un programme p\u00e9dagogique solide allant de l\u2019introduction \u00e0 l\u2019art et \u00e0 son histoire aux pratiques contemporaines (installation, vid\u00e9o, performance\u2026)\u00bb,<\/em> explique la fondation dans un communiqu\u00e9.<\/span><\/p>\n<p class=\"p3\"><strong>Alt\u00e9rit\u00e9 et vivre-ensemble, ma\u00eetres\u00a0mots de l\u2019exposition \u00abLe Je de l\u2019autre\u00bb<\/strong><\/p>\n<p class=\"p1\">Voir son \u0153uvre d\u2019art expos\u00e9e dans l\u2019espace d\u2019art Actua de la Fondation Attijariwafa bank est un r\u00eave devenu r\u00e9alit\u00e9 pour les \u00e9l\u00e8ves \u00e2g\u00e9s entre 10 et 17 ans de cette 3\u00e8me promotion 2017-2019 de l\u2019Acad\u00e9mie des arts. Une cons\u00e9cration issue de deux ann\u00e9es de formation et d\u2019explorations artistiques pilot\u00e9es par la Fondation et plac\u00e9es sous la houlette des professeurs chevronn\u00e9s Abderrahmane Banana pour la peinture, Abdelmajid Seddati pour l\u2019\u00e9criture et Aziz Chafik pour le multim\u00e9dia. \u00ab<em>Toutes les productions ont \u00e9t\u00e9 pens\u00e9es et cr\u00e9\u00e9es par les participants. Dans une sc\u00e9nographie d\u00e9cloisonn\u00e9e enti\u00e8rement produite par la Fondation, o\u00f9 fusionnent plusieurs expressions, peinture, installations, \u00e9crits, sculptures, vid\u00e9os et performances, l\u2019exposition tente de susciter l\u2019espoir dans un art et une culture aspirant \u00e0 un cosmopolitisme f\u00e9cond, et \u00e0 une coexistence pleine et saine dans un espace commun, r\u00e9affirmant la foi de la Fondation dans l\u2019avenir et sa confiance dans la jeunesse\u00bb<\/em>, indique-t-on.<\/p>\n<p class=\"p3\"><strong>Nouvelles explorations artistiques sous le th\u00e8me \u00abLe risque comme vecteur de cr\u00e9ativit\u00e9\u00bb<\/strong><\/p>\n<p class=\"p1\">Le programme Acad\u00e9mie des arts ayant port\u00e9 ses fruits depuis son lancement en 2009, la Fondation Attijariwafa bank donnera le jour m\u00eame le coup d\u2019envoi de la 4e promotion de l\u2019Acad\u00e9mie des arts pour les ann\u00e9es scolaires 2019 \u00e0 2021.<\/p>\n<p class=\"p1\">Cette nouvelle th\u00e9matique sera l\u2019occasion de challenger la cr\u00e9ativit\u00e9 des apprenants et de sortir davantage du cadre ordinaire de la cr\u00e9ation artistique en allant plus vers des pratiques plus contemporaines (Street-art) remettant en question l\u2019art, sa d\u00e9finition et son r\u00f4le dans une soci\u00e9t\u00e9 en perp\u00e9tuel changement.<\/p>\n<p>Auteur: ALM<br \/>\n<a href=\"http:\/\/aujourdhui.ma\/culture\/la-fondation-attijariwafa-bank-lance-la-4eme-promotion-de-lacademie-des-arts\">Cliquez ici pour lire l&rsquo;article depuis sa source.<\/a><\/p>\n","protected":false},"excerpt":{"rendered":"<p>Elle en c\u00e9l\u00e8bre les 10 ans d\u2019existence Pour sa rentr\u00e9e culturelle, la Fondation Attijariwafa bank organise une double c\u00e9r\u00e9monie, articul\u00e9e autour de l\u2019exposition des \u00e9l\u00e8ves de la promotion 2017-2019 et du lancement de la 4\u00e8me promotion de l\u2019Acad\u00e9mie des arts. Une c\u00e9r\u00e9monie d\u00e9sormais traditionnelle puisqu\u2019elle est \u00e0 sa 4\u00e8me promotion depuis 10 ans avec l\u2019Acad\u00e9mie [&hellip;]<\/p>\n","protected":false},"author":1759,"featured_media":0,"comment_status":"closed","ping_status":"closed","sticky":false,"template":"","format":"standard","meta":{"fifu_image_url":"","fifu_image_alt":"","footnotes":""},"categories":[73,54],"tags":[],"class_list":["post-65850","post","type-post","status-publish","format-standard","hentry","category-actualite","category-maroc"],"_links":{"self":[{"href":"https:\/\/linitiative.ca\/International\/wp-json\/wp\/v2\/posts\/65850","targetHints":{"allow":["GET"]}}],"collection":[{"href":"https:\/\/linitiative.ca\/International\/wp-json\/wp\/v2\/posts"}],"about":[{"href":"https:\/\/linitiative.ca\/International\/wp-json\/wp\/v2\/types\/post"}],"author":[{"embeddable":true,"href":"https:\/\/linitiative.ca\/International\/wp-json\/wp\/v2\/users\/1759"}],"replies":[{"embeddable":true,"href":"https:\/\/linitiative.ca\/International\/wp-json\/wp\/v2\/comments?post=65850"}],"version-history":[{"count":0,"href":"https:\/\/linitiative.ca\/International\/wp-json\/wp\/v2\/posts\/65850\/revisions"}],"wp:attachment":[{"href":"https:\/\/linitiative.ca\/International\/wp-json\/wp\/v2\/media?parent=65850"}],"wp:term":[{"taxonomy":"category","embeddable":true,"href":"https:\/\/linitiative.ca\/International\/wp-json\/wp\/v2\/categories?post=65850"},{"taxonomy":"post_tag","embeddable":true,"href":"https:\/\/linitiative.ca\/International\/wp-json\/wp\/v2\/tags?post=65850"}],"curies":[{"name":"wp","href":"https:\/\/api.w.org\/{rel}","templated":true}]}}