{"id":65855,"date":"2019-10-29T06:58:29","date_gmt":"2019-10-29T10:58:29","guid":{"rendered":"https:\/\/linitiative.ca\/International\/la-cite-des-alizes-rend-hommage-a-ghita-el-oufir\/"},"modified":"2019-10-29T06:58:29","modified_gmt":"2019-10-29T10:58:29","slug":"la-cite-des-alizes-rend-hommage-a-ghita-el-oufir","status":"publish","type":"post","link":"https:\/\/linitiative.ca\/International\/la-cite-des-alizes-rend-hommage-a-ghita-el-oufir\/","title":{"rendered":"La Cit\u00e9 des Aliz\u00e9s rend hommage \u00e0 Ghita El Oufir"},"content":{"rendered":"<p class=\"has-text-color has-vivid-cyan-blue-color\"><strong>Une artiste et musicienne hors pair\u00a0! Ghita El Oufir sera honor\u00e9e lors de la 16<\/strong><sup><strong>e<\/strong><\/sup><strong>\u00a0\u00e9dition du festival des Andalousies Atlantiques qui aura lieu du 31 octobre au 3\u00a0 novembre \u00e0 la cit\u00e9 des Aliz\u00e9s, \u00a0Essaouira. Un hommage bien m\u00e9rit\u00e9 et un geste louable de la part des organisateurs envers cette figure embl\u00e9matique de la musique marocaine.<\/strong><\/p>\n<p>Tout le monde se souvient de cette artiste jouant au piano \u00e0 l\u2019Orchestre andalou de la RTM. Elle en fut d\u2019ailleurs la premi\u00e8re pianiste marocaine de 1958 \u00e0 1992. Une fiert\u00e9\u00a0!\u00a0 N\u00e9e en1934 et d\u00e9c\u00e9d\u00e9e le 7 septembre 2009 \u00e0\u00a0 l\u2019\u00e2ge de 77 ans, cette artiste ayant franchi un domaine exclusivement r\u00e9serv\u00e9 \u00e0 l\u2019\u00e9poque aux hommes,\u00a0 a int\u00e9gr\u00e9 l\u2019orchestre sous la direction du regrett\u00e9 Moulay Ahmed Loukili.<\/p>\n<p>Une artiste qui ne\u00a0 manquait pas de courage, de talent et de passion pour la musique et les arts. \u00abA la mort de son p\u00e8re, Ghita El Oufir retrousse ses manches et se lance dans le monde du travail, \u00f4 combien masculin \u00e0 l\u2019\u00e9poque, afin de subvenir aux besoins de sa maman et de ses petites s\u0153urs. En \u00abhomme de la maison\u00bb, elle travaille, habill\u00e9e \u00e0 l\u2019europ\u00e9enne, comme pompiste, m\u00e9canicienne et chauffeur de poids lourds! De vieilles Rbaties se souviennent d\u2019elle comme l\u2019une des premi\u00e8res monitrices de la conduite auto.<\/p>\n<p>Mais en femme \u00e9mancip\u00e9e, Ghita El Oufir sauvegarde sa f\u00e9minit\u00e9, confectionne des objets artisanaux \u00e0 l\u2019instar de sa maman, sp\u00e9cialiste des habits pour enfants qui s\u2019appr\u00eatent aux c\u00e9r\u00e9monies de circoncision et cultive sa passion, la musique andalouse dont elle reste l\u2019une des figures incontournables \u00bb, \u00e9crivait le journaliste et \u00e9crivain Mohamed Ameskane sur la musicienne dans le catalogue du festival.<\/p>\n<p>Ghita El Oufir\u00a0 a enrichi\u00a0 le r\u00e9pertoire musical national avec 267 enregistrements radiophoniques, ainsi que 150\u00a0 programmes t\u00e9l\u00e9vis\u00e9s sans oublier ses diverses\u00a0 participations aux manifestations musicales et festivals consacr\u00e9s \u00e0 la musique andalouse au Maroc et ailleurs. Ic\u00f4ne de la musique andalouse, elle a \u00e9galement ouvert la grande porte aux musiciennes marocaines.<strong>Mohamed Nait Youssef<\/strong><\/p>\n<p>Auteur: M&rsquo;hammed rahal<br \/>\n<a href=\"http:\/\/albayane.press.ma\/la-cite-des-alizes-rend-hommage-a-ghita-el-oufir.html\">Cliquez ici pour lire l&rsquo;article depuis sa source.<\/a><\/p>\n","protected":false},"excerpt":{"rendered":"<p>Une artiste et musicienne hors pair\u00a0! Ghita El Oufir sera honor\u00e9e lors de la 16e\u00a0\u00e9dition du festival des Andalousies Atlantiques qui aura lieu du 31 octobre au 3\u00a0 novembre \u00e0 la cit\u00e9 des Aliz\u00e9s, \u00a0Essaouira. Un hommage bien m\u00e9rit\u00e9 et un geste louable de la part des organisateurs envers cette figure embl\u00e9matique de la musique [&hellip;]<\/p>\n","protected":false},"author":1760,"featured_media":0,"comment_status":"closed","ping_status":"closed","sticky":false,"template":"","format":"standard","meta":{"fifu_image_url":"","fifu_image_alt":"","footnotes":""},"categories":[73,54],"tags":[],"class_list":["post-65855","post","type-post","status-publish","format-standard","hentry","category-actualite","category-maroc"],"_links":{"self":[{"href":"https:\/\/linitiative.ca\/International\/wp-json\/wp\/v2\/posts\/65855","targetHints":{"allow":["GET"]}}],"collection":[{"href":"https:\/\/linitiative.ca\/International\/wp-json\/wp\/v2\/posts"}],"about":[{"href":"https:\/\/linitiative.ca\/International\/wp-json\/wp\/v2\/types\/post"}],"author":[{"embeddable":true,"href":"https:\/\/linitiative.ca\/International\/wp-json\/wp\/v2\/users\/1760"}],"replies":[{"embeddable":true,"href":"https:\/\/linitiative.ca\/International\/wp-json\/wp\/v2\/comments?post=65855"}],"version-history":[{"count":0,"href":"https:\/\/linitiative.ca\/International\/wp-json\/wp\/v2\/posts\/65855\/revisions"}],"wp:attachment":[{"href":"https:\/\/linitiative.ca\/International\/wp-json\/wp\/v2\/media?parent=65855"}],"wp:term":[{"taxonomy":"category","embeddable":true,"href":"https:\/\/linitiative.ca\/International\/wp-json\/wp\/v2\/categories?post=65855"},{"taxonomy":"post_tag","embeddable":true,"href":"https:\/\/linitiative.ca\/International\/wp-json\/wp\/v2\/tags?post=65855"}],"curies":[{"name":"wp","href":"https:\/\/api.w.org\/{rel}","templated":true}]}}