{"id":65856,"date":"2019-10-29T07:05:13","date_gmt":"2019-10-29T11:05:13","guid":{"rendered":"https:\/\/linitiative.ca\/International\/la-ministre-indonesienne-des-ae-salue-les-efforts-de-sm-le-roi-en-faveur-de-la-cause-palestinienne\/"},"modified":"2019-10-29T07:05:13","modified_gmt":"2019-10-29T11:05:13","slug":"la-ministre-indonesienne-des-ae-salue-les-efforts-de-sm-le-roi-en-faveur-de-la-cause-palestinienne","status":"publish","type":"post","link":"https:\/\/linitiative.ca\/International\/la-ministre-indonesienne-des-ae-salue-les-efforts-de-sm-le-roi-en-faveur-de-la-cause-palestinienne\/","title":{"rendered":"La ministre indon\u00e9sienne des AE salue les efforts de SM le Roi en faveur de la cause palestinienne"},"content":{"rendered":"<p class=\"has-text-color has-drop-cap has-vivid-cyan-blue-color\">La ministre indon\u00e9sienne des Affaires \u00e9trang\u00e8res, Mme Retno Marsudi, a salu\u00e9, lundi \u00e0 Jakarta, les efforts d\u00e9ploy\u00e9s par SM le Roi Mohammed VI en faveur de la cause palestinienne, dans une d\u00e9claration \u00e0 l\u2019issue d\u2019une rencontre avec le Ministre des Affaires \u00e9trang\u00e8res, de la Coop\u00e9ration Africaine et des Marocains R\u00e9sidant \u00e0 l\u2019\u00c9tranger, M. Nasser Bourita.<\/p>\n<p>\u201cL\u2019Indon\u00e9sie salue hautement SM le Roi qui ne cesse de fournir des efforts consid\u00e9rables en faveur de la cause palestinienne, notamment en Sa qualit\u00e9 de Pr\u00e9sident du Comit\u00e9 d\u2019Al Qods\u201d, a affirm\u00e9 Mme Marsudi, qui s\u2019exprimait lors d\u2019une conf\u00e9rence de presse conjointe \u00e0 l\u2019issue de son entretien avec M. Bourita.<\/p>\n<p>Elle a affirm\u00e9, \u00e0 ce sujet, le soutien de l\u2019Indon\u00e9sie \u00e0 la solution de deux Etats reconnue par la communaut\u00e9 internationale, dans la perspective de mettre un terme au conflit isra\u00e9lo-palestinien, ajoutant que la stabilit\u00e9 de la r\u00e9gion est n\u00e9cessaire pour la paix et la s\u00e9curit\u00e9 mondiales.<\/p>\n<p>La Cheffe de la diplomatie indon\u00e9sienne a, aussi, r\u00e9it\u00e9r\u00e9 le soutien de l\u2019Indon\u00e9sie aux efforts des Nations Unies pour \u00abparvenir \u00e0 une solution politique durable \u00e0 la question du Sahara marocain\u00bb.<\/p>\n<p>\u00c9voquant les d\u00e9fis communs auxquels font face les deux pays, Mme Marsudi a exprim\u00e9 le souhait de renforcer la coop\u00e9ration bilat\u00e9rale avec le Royaume, pays leader dans sa r\u00e9gion, notamment dans les domaines \u00e9conomique, acad\u00e9mique, cultuel et s\u00e9curitaire.<\/p>\n<p>De son c\u00f4t\u00e9, M. Bourita, qui \u00e9tait accompagn\u00e9 de l\u2019Ambassadeur du Maroc en Indon\u00e9sie, Ouadia Benabdellah, l\u2019Ambassadeur Directeur des Affaires asiatiques et de l\u2019Oc\u00e9anie, Abdelkader El Ansari et de l\u2019Ambassadeur Directeur G\u00e9n\u00e9ral de l\u2019Agence Marocaine de Coop\u00e9ration Internationale (AMCI), Mohamed Methqal, a salu\u00e9 la position constante de l\u2019Indon\u00e9sie concernant la cause nationale du Royaume, sa souverainet\u00e9 et son int\u00e9grit\u00e9 territoriale.<\/p>\n<p>Il a, dans ce m\u00eame cadre, soulign\u00e9 le ferme soutien du Maroc \u00e0 la souverainet\u00e9 et \u00e0 l\u2019int\u00e9grit\u00e9 territoriale de l\u2019Indon\u00e9sie.<\/p>\n<p>M. Bourita a, par ailleurs, r\u00e9affirm\u00e9 la d\u00e9termination du Maroc de hisser la coop\u00e9ration bilat\u00e9rale au niveau de l\u2019excellence des relations politiques, \u00e0 travers une approche de compl\u00e9mentarit\u00e9 tourn\u00e9e vers l\u2019avenir.<\/p>\n<p>\u201cMalgr\u00e9 l\u2019\u00e9loignement g\u00e9ographique, le Maroc et l\u2019Indon\u00e9sie, deux importantes nations de la communaut\u00e9 musulmane, disposent des potentialit\u00e9s requises pour promouvoir les valeurs de mod\u00e9ration et de tol\u00e9rance que pr\u00f4ne l\u2019Islam du juste milieu\u201d, a not\u00e9 M. Bourita, en pr\u00e9cisant que le Royaume a plac\u00e9 la lutte contre l\u2019extr\u00e9misme et le radicalisme au c\u0153ur de ses priorit\u00e9s.<\/p>\n<p>Sur le volet \u00e9conomique, le ministre marocain a soulign\u00e9 que le Maroc, compte tenu de sa position g\u00e9ostrat\u00e9gique distingu\u00e9, peut constituer non seulement une porte d\u2019entr\u00e9e de l\u2019Indon\u00e9sie sur le continent africain mais \u00e9galement sur l\u2019espace europ\u00e9en et m\u00e9diterran\u00e9en.<\/p>\n<p>\u201cFort de son expertise et son exp\u00e9rience cumul\u00e9es dans plusieurs domaines, le Maroc peut constituer un partenaire strat\u00e9gique de l\u2019Indon\u00e9sie en Afrique comme l\u2019Indon\u00e9sie pourrait faciliter l\u2019acc\u00e8s du Royaume au groupement r\u00e9gional de l\u2019Association des Nations de l\u2019Asie du Sud-Est (ASEAN)\u201d, a-t-il poursuivi.<\/p>\n<p>Dans leurs d\u00e9clarations les deux ministres, qui se sont f\u00e9licit\u00e9s de l\u2019excellence des liens d\u2019amiti\u00e9 et de solidarit\u00e9 entre les deux pays, ont convenu d\u2019organiser une s\u00e9rie d\u2019\u00e9v\u00e8nements en 2020 \u00e0 l\u2019occasion de la c\u00e9l\u00e9bration du 60\u00e8 anniversaire de l\u2019\u00e9tablissement de leurs relations diplomatiques.<\/p>\n<p>Lors de cet entretien, les deux parties ont pass\u00e9 en revue les questions d\u2019int\u00e9r\u00eat commun sur la sc\u00e8ne r\u00e9gionale et se sont f\u00e9licit\u00e9es du soutien r\u00e9ciproque entre les deux pays aupr\u00e8s des instances internationales, notamment aux Nations Unies o\u00f9 l\u2019Indon\u00e9sie si\u00e8ge en tant que membre non permanent au Conseil de S\u00e9curit\u00e9 ainsi qu\u2019au Conseil des Droits de l\u2019Homme.<\/p>\n<p>Auteur: M&rsquo;hammed rahal<br \/>\n<a href=\"http:\/\/albayane.press.ma\/la-ministre-indonesienne-des-ae-salue-les-efforts-de-sm-le-roi-en-faveur-de-la-cause-palestinienne.html\">Cliquez ici pour lire l&rsquo;article depuis sa source.<\/a><\/p>\n","protected":false},"excerpt":{"rendered":"<p>La ministre indon\u00e9sienne des Affaires \u00e9trang\u00e8res, Mme Retno Marsudi, a salu\u00e9, lundi \u00e0 Jakarta, les efforts d\u00e9ploy\u00e9s par SM le Roi Mohammed VI en faveur de la cause palestinienne, dans une d\u00e9claration \u00e0 l\u2019issue d\u2019une rencontre avec le Ministre des Affaires \u00e9trang\u00e8res, de la Coop\u00e9ration Africaine et des Marocains R\u00e9sidant \u00e0 l\u2019\u00c9tranger, M. Nasser Bourita. [&hellip;]<\/p>\n","protected":false},"author":1760,"featured_media":0,"comment_status":"closed","ping_status":"closed","sticky":false,"template":"","format":"standard","meta":{"fifu_image_url":"","fifu_image_alt":"","footnotes":""},"categories":[73,54],"tags":[],"class_list":["post-65856","post","type-post","status-publish","format-standard","hentry","category-actualite","category-maroc"],"_links":{"self":[{"href":"https:\/\/linitiative.ca\/International\/wp-json\/wp\/v2\/posts\/65856","targetHints":{"allow":["GET"]}}],"collection":[{"href":"https:\/\/linitiative.ca\/International\/wp-json\/wp\/v2\/posts"}],"about":[{"href":"https:\/\/linitiative.ca\/International\/wp-json\/wp\/v2\/types\/post"}],"author":[{"embeddable":true,"href":"https:\/\/linitiative.ca\/International\/wp-json\/wp\/v2\/users\/1760"}],"replies":[{"embeddable":true,"href":"https:\/\/linitiative.ca\/International\/wp-json\/wp\/v2\/comments?post=65856"}],"version-history":[{"count":0,"href":"https:\/\/linitiative.ca\/International\/wp-json\/wp\/v2\/posts\/65856\/revisions"}],"wp:attachment":[{"href":"https:\/\/linitiative.ca\/International\/wp-json\/wp\/v2\/media?parent=65856"}],"wp:term":[{"taxonomy":"category","embeddable":true,"href":"https:\/\/linitiative.ca\/International\/wp-json\/wp\/v2\/categories?post=65856"},{"taxonomy":"post_tag","embeddable":true,"href":"https:\/\/linitiative.ca\/International\/wp-json\/wp\/v2\/tags?post=65856"}],"curies":[{"name":"wp","href":"https:\/\/api.w.org\/{rel}","templated":true}]}}