{"id":65857,"date":"2019-10-29T12:34:12","date_gmt":"2019-10-29T16:34:12","guid":{"rendered":"https:\/\/linitiative.ca\/International\/intemperies-la-police-de-la-circulation-appelle-a-la-vigilance\/"},"modified":"2019-10-29T12:34:12","modified_gmt":"2019-10-29T16:34:12","slug":"intemperies-la-police-de-la-circulation-appelle-a-la-vigilance","status":"publish","type":"post","link":"https:\/\/linitiative.ca\/International\/intemperies-la-police-de-la-circulation-appelle-a-la-vigilance\/","title":{"rendered":"Intemp\u00e9ries :  La police de la circulation appelle \u00e0 la vigilance"},"content":{"rendered":"<p>Des pr\u00e9cipitations atteignant, localement, 100 millim\u00e8tres sur le Grand Tunis, le Cap Bon, le Sahel et le Sud-Est sont enregistr\u00e9es, lundi, selon l\u2019Institut national de la m\u00e9t\u00e9orologie (INM). La direction de la police de la circulation relevant du minist\u00e8re de l\u2019Int\u00e9rieur a appel\u00e9, dans ce cadre, les usagers de la route \u00e0 la vigilance.<\/p>\n<p>L\u2019INM a annonc\u00e9, dans un bulletin de suivi publi\u00e9, lundi, que des pluies orageuses seront enregistr\u00e9es, sur la plupart des r\u00e9gions. Ces pluies seront temporairement intenses et en quantit\u00e9s localement importantes, sur les r\u00e9gions Est.<\/p>\n<p>Des chutes de gr\u00eale et des coups de foudre localis\u00e9s et vent fort d\u00e9passant temporairement 80 km\/h sous orages seront enregistr\u00e9s.<\/p>\n<p>La direction de la police de la circulation a appel\u00e9 les conducteurs \u00e0 mod\u00e9rer la vitesse, \u00e0 faire preuve de vigilance, \u00e0 respecter la distance de s\u00e9curit\u00e9, \u00e0 ne pas tenter de passer dans les zones d\u2019accumulation des eaux et \u00e0 respecter les signalisations.<\/p>\n<p>Elle a appel\u00e9 tous les citoyens \u00e0 contacter ses services pour obtenir plus d\u2019informations au num\u00e9ro de t\u00e9l\u00e9phone suivant: 71 343201.<\/p>\n<p class=\"dpsp-share-text\">Partager c&rsquo;est aimer!<\/p>\n<div class=\"wp-post-author-wrap wp-post-author-shortcode left\">\n<h3 class=\"awpa-title\"\/>\n<div class=\"wp-post-author\">\n<div class=\"awpa-img awpa-author-block square\"><a href=\"http:\/\/lexpertjournal.net\/fr\/author\/expert\/\"><img loading=\"lazy\" decoding=\"async\" alt=\"\" src=\"http:\/\/2.gravatar.com\/avatar\/56d99be2a6f97af88ccb49fada637fcd?s=150&#038;d=mm&#038;r=g\" srcset=\"http:\/\/2.gravatar.com\/avatar\/56d99be2a6f97af88ccb49fada637fcd?s=300&#038;d=mm&#038;r=g 2x\" class=\"avatar avatar-150 photo\" height=\"150\" width=\"150\"\/><\/a><\/div>\n<\/div>\n<\/div>\n<p>Auteur: L&rsquo;expert<br \/>\n<a href=\"http:\/\/lexpertjournal.net\/fr\/2019\/10\/28\/intemperies-la-police-de-la-circulation-appelle-a-la-vigilance\/\">Cliquez ici pour lire l&rsquo;article depuis sa source.<\/a><\/p>\n","protected":false},"excerpt":{"rendered":"<p>Des pr\u00e9cipitations atteignant, localement, 100 millim\u00e8tres sur le Grand Tunis, le Cap Bon, le Sahel et le Sud-Est sont enregistr\u00e9es, lundi, selon l\u2019Institut national de la m\u00e9t\u00e9orologie (INM). La direction de la police de la circulation relevant du minist\u00e8re de l\u2019Int\u00e9rieur a appel\u00e9, dans ce cadre, les usagers de la route \u00e0 la vigilance. L\u2019INM [&hellip;]<\/p>\n","protected":false},"author":1775,"featured_media":0,"comment_status":"closed","ping_status":"closed","sticky":false,"template":"","format":"standard","meta":{"fifu_image_url":"","fifu_image_alt":"","footnotes":""},"categories":[78,55],"tags":[],"class_list":["post-65857","post","type-post","status-publish","format-standard","hentry","category-economie","category-tunisie"],"_links":{"self":[{"href":"https:\/\/linitiative.ca\/International\/wp-json\/wp\/v2\/posts\/65857","targetHints":{"allow":["GET"]}}],"collection":[{"href":"https:\/\/linitiative.ca\/International\/wp-json\/wp\/v2\/posts"}],"about":[{"href":"https:\/\/linitiative.ca\/International\/wp-json\/wp\/v2\/types\/post"}],"author":[{"embeddable":true,"href":"https:\/\/linitiative.ca\/International\/wp-json\/wp\/v2\/users\/1775"}],"replies":[{"embeddable":true,"href":"https:\/\/linitiative.ca\/International\/wp-json\/wp\/v2\/comments?post=65857"}],"version-history":[{"count":0,"href":"https:\/\/linitiative.ca\/International\/wp-json\/wp\/v2\/posts\/65857\/revisions"}],"wp:attachment":[{"href":"https:\/\/linitiative.ca\/International\/wp-json\/wp\/v2\/media?parent=65857"}],"wp:term":[{"taxonomy":"category","embeddable":true,"href":"https:\/\/linitiative.ca\/International\/wp-json\/wp\/v2\/categories?post=65857"},{"taxonomy":"post_tag","embeddable":true,"href":"https:\/\/linitiative.ca\/International\/wp-json\/wp\/v2\/tags?post=65857"}],"curies":[{"name":"wp","href":"https:\/\/api.w.org\/{rel}","templated":true}]}}