{"id":65859,"date":"2019-10-29T12:34:19","date_gmt":"2019-10-29T16:34:19","guid":{"rendered":"https:\/\/linitiative.ca\/International\/pluies-torrentielles-suspension-provisoire-des-services-de-la-cnam\/"},"modified":"2019-10-29T12:34:19","modified_gmt":"2019-10-29T16:34:19","slug":"pluies-torrentielles-suspension-provisoire-des-services-de-la-cnam","status":"publish","type":"post","link":"https:\/\/linitiative.ca\/International\/pluies-torrentielles-suspension-provisoire-des-services-de-la-cnam\/","title":{"rendered":"Pluies torrentielles : Suspension provisoire des services de la CNAM"},"content":{"rendered":"<p>La Caisse nationale d\u2019assurance maladie (CNAM) a d\u00e9cid\u00e9 lundi de suspendre provisoirement ses services en raison de l\u2019infiltration des eaux \u00e0 l\u2019int\u00e9rieur de certaines de ses structures et le blocage de la circulation dus aux grandes quantit\u00e9s de pluies qui se sont abattues sur diff\u00e9rentes r\u00e9gions du pays dans la nuit du 27 et 28 octobre 2019.<\/p>\n<p>La CNAM assure, dans un communiqu\u00e9, que cette suspension sera prise en compte dans le calcul des d\u00e9lais l\u00e9gaux de r\u00e9ception des dossiers.<\/p>\n<p>La m\u00eame source pr\u00e9cise que les services de la CNAM ont connu quelques perturbations dans nombre de centres r\u00e9gionaux et locaux et ont \u00e9t\u00e9 suspendus de fa\u00e7on exceptionnelle au si\u00e8ge de la caisse sis \u00e0 Montplaisir au centre de Tunis et reprendront d\u00e8s que possible.<\/p>\n<p class=\"dpsp-share-text\">Partager c&rsquo;est aimer!<\/p>\n<div class=\"wp-post-author-wrap wp-post-author-shortcode left\">\n<h3 class=\"awpa-title\"\/>\n<div class=\"wp-post-author\">\n<div class=\"awpa-img awpa-author-block square\"><a href=\"http:\/\/lexpertjournal.net\/fr\/author\/expert\/\"><img loading=\"lazy\" decoding=\"async\" alt=\"\" src=\"http:\/\/2.gravatar.com\/avatar\/56d99be2a6f97af88ccb49fada637fcd?s=150&#038;d=mm&#038;r=g\" srcset=\"http:\/\/2.gravatar.com\/avatar\/56d99be2a6f97af88ccb49fada637fcd?s=300&#038;d=mm&#038;r=g 2x\" class=\"avatar avatar-150 photo\" height=\"150\" width=\"150\"\/><\/a><\/div>\n<\/div>\n<\/div>\n<p>Auteur: L&rsquo;expert<br \/>\n<a href=\"http:\/\/lexpertjournal.net\/fr\/2019\/10\/28\/pluies-torrentielles-suspension-provisoire-des-services-de-la-cnam\/\">Cliquez ici pour lire l&rsquo;article depuis sa source.<\/a><\/p>\n","protected":false},"excerpt":{"rendered":"<p>La Caisse nationale d\u2019assurance maladie (CNAM) a d\u00e9cid\u00e9 lundi de suspendre provisoirement ses services en raison de l\u2019infiltration des eaux \u00e0 l\u2019int\u00e9rieur de certaines de ses structures et le blocage de la circulation dus aux grandes quantit\u00e9s de pluies qui se sont abattues sur diff\u00e9rentes r\u00e9gions du pays dans la nuit du 27 et 28 [&hellip;]<\/p>\n","protected":false},"author":1775,"featured_media":0,"comment_status":"closed","ping_status":"closed","sticky":false,"template":"","format":"standard","meta":{"fifu_image_url":"","fifu_image_alt":"","footnotes":""},"categories":[78,55],"tags":[],"class_list":["post-65859","post","type-post","status-publish","format-standard","hentry","category-economie","category-tunisie"],"_links":{"self":[{"href":"https:\/\/linitiative.ca\/International\/wp-json\/wp\/v2\/posts\/65859","targetHints":{"allow":["GET"]}}],"collection":[{"href":"https:\/\/linitiative.ca\/International\/wp-json\/wp\/v2\/posts"}],"about":[{"href":"https:\/\/linitiative.ca\/International\/wp-json\/wp\/v2\/types\/post"}],"author":[{"embeddable":true,"href":"https:\/\/linitiative.ca\/International\/wp-json\/wp\/v2\/users\/1775"}],"replies":[{"embeddable":true,"href":"https:\/\/linitiative.ca\/International\/wp-json\/wp\/v2\/comments?post=65859"}],"version-history":[{"count":0,"href":"https:\/\/linitiative.ca\/International\/wp-json\/wp\/v2\/posts\/65859\/revisions"}],"wp:attachment":[{"href":"https:\/\/linitiative.ca\/International\/wp-json\/wp\/v2\/media?parent=65859"}],"wp:term":[{"taxonomy":"category","embeddable":true,"href":"https:\/\/linitiative.ca\/International\/wp-json\/wp\/v2\/categories?post=65859"},{"taxonomy":"post_tag","embeddable":true,"href":"https:\/\/linitiative.ca\/International\/wp-json\/wp\/v2\/tags?post=65859"}],"curies":[{"name":"wp","href":"https:\/\/api.w.org\/{rel}","templated":true}]}}