{"id":65861,"date":"2019-10-29T13:04:09","date_gmt":"2019-10-29T17:04:09","guid":{"rendered":"https:\/\/linitiative.ca\/International\/patrimoine-subaquatique-une-conference-extraordinaire-du-conseil-consultatif-de-lunesco\/"},"modified":"2019-10-29T13:04:09","modified_gmt":"2019-10-29T17:04:09","slug":"patrimoine-subaquatique-une-conference-extraordinaire-du-conseil-consultatif-de-lunesco","status":"publish","type":"post","link":"https:\/\/linitiative.ca\/International\/patrimoine-subaquatique-une-conference-extraordinaire-du-conseil-consultatif-de-lunesco\/","title":{"rendered":"Patrimoine subaquatique: une conf\u00e9rence extraordinaire du Conseil consultatif de l&rsquo;UNESCO"},"content":{"rendered":"<div readability=\"40\">\n<p><strong>ALGER- Des experts et contr\u00f4leurs internationaux ont pris part, lundi \u00e0 Alger, \u00e0 un conf\u00e9rence extraordinaire du Conseil consultatif scientifique et technique (STAB) relevant de l&rsquo;Organisation des Nations Unies pour l&rsquo;\u00e9ducation, la science et la culture (UNESCO), avec pour th\u00e8me la valorisation de la convention de l&rsquo;UNESCO sur la protection du patrimoine culturel subaquatique, adopt\u00e9e en 2001.<\/strong><\/p>\n<\/div>\n<div readability=\"92.480992397\">\n<p>Les intervenants \u00e0 cette conf\u00e9rence, organis\u00e9e pour la 1\u00e8re fois en dehors du si\u00e8ge de l&rsquo;Unesco, ont pr\u00e9sent\u00e9 leur \u00e9valuation sur la convention depuis son adoption, les entraves auxquelles elle se heurte sur le terrain, et les initiatives de certains pays dans le cadre du STAB visant \u00e0 valoriser et sauvegarder leur patrimoine englouti, \u00e0 l&rsquo;instar des vestiges du lac \u00ab\u00a0Atitlan\u00a0\u00bb de Guatemala (civilisation Maya).<\/p>\n<blockquote readability=\"14\">\n<p><em><strong>\u00ab\u00a0Le choix de l&rsquo;Alg\u00e9rie \u00e0 ce Conseil en 2017, puis sa pr\u00e9sidence par ce m\u00eame pays en 2019, ouvre de grandes perspectives de coop\u00e9ration dans le domaine du patrimoine subaquatique\u00a0\u00bb, a indiqu\u00e9 le ministre de la Communication, Porte-parole du Gouvernement et ministre de la Culture par int\u00e9rim, Hassan Rabehi dans une allocution lue en son nom par le pr\u00e9sident du STAB et directeur du Centre national de recherche en arch\u00e9ologie (CNRA), Toufik Hammoum.<\/strong><\/em><\/p>\n<\/blockquote>\n<p>Il a ajout\u00e9 \u00e9galement que le minist\u00e8re, repr\u00e9sent\u00e9 par le CNRA, accordait \u00ab\u00a0un int\u00e9r\u00eat particulier\u00a0\u00bb \u00e0 ce patrimoine dans ses programmes de recherche.<\/p>\n<p>Le STAB regroupe 14 pays membres dont l&rsquo;Argentine, l&rsquo;Afrique du Sud, le Maroc, la Slov\u00e9nie, le Mexique et l&rsquo;Alg\u00e9rie.<\/p>\n<p>Indiquant que cette rencontre constituait une occasion pour les experts alg\u00e9riens de b\u00e9n\u00e9ficier de l&rsquo;exp\u00e9rience des pays participants en mati\u00e8re de pr\u00e9servation et de valorisation du patrimoine alg\u00e9rien subaquatique, M.Hammoume a d\u00e9plor\u00e9, en revanche, \u00ab\u00a0l&rsquo;absence, \u00e0 ce jour, d&rsquo;une \u00e9valuation scientifique et arch\u00e9ologique, s\u00e9rieuse et m\u00e9thodique\u00a0\u00bb de ce patrimoine alg\u00e9rien.\u00a0\u00a0<\/p>\n<hr\/>\n<p>Lire aussi : <a href=\"http:\/\/www.aps.dz\/culture\/91026-l-algerien-toufik-hamoum-a-la-tete-d-un-conseil-technique-de-l-unesco\">L\u2019Alg\u00e9rien Toufik Hamoum \u00e0 la t\u00eate d&rsquo;un conseil technique de l&rsquo;Unesco \u00a0\u00a0<\/a><\/p>\n<hr\/>\n<p>A ce titre, l&rsquo;intervenant a rappel\u00e9 l&rsquo;ouverture par son centre d&rsquo;un atelier en 2017 en vue d&rsquo;\u00e9laborer \u00e0 nouveau une cartographie du patrimoine englouti sur le littoral alg\u00e9rien et pr\u00e9parer une strat\u00e9gie pour sa pr\u00e9servation, avec la participation d&rsquo;un groupe de chercheurs relevant du centre.\u00a0\u00a0<\/p>\n<p>La convention de l&rsquo;UNESCO de 2001, sign\u00e9e, jusqu&rsquo;\u00e0 ce jour, par 62 pays dont l&rsquo;Alg\u00e9rie, vise la valorisation et le sauvegarde du patrimoine culturel mondial subaquatique.\u00a0<\/p>\n<p>L&rsquo;Alg\u00e9rie regorge de plusieurs vestiges subaquatiques tout au long de ses c\u00f4tes m\u00e9diterran\u00e9ennes qui restent, dans leur ensemble, non valoris\u00e9es, pr\u00e9cisent les experts.\u00a0<\/p>\n<p>Pour sa part, le Mus\u00e9e public national maritime avait annonc\u00e9 en d\u00e9but 2019 la d\u00e9couverte de 23 canons de l&rsquo;\u00e9poque ottomane immerg\u00e9s par les eaux du site le Rocher blanc, \u00e0 Cherchell (Tipaza).<\/p>\n<\/div>\n<p>Auteur:<br \/>\n<a href=\"http:\/\/www.aps.dz\/culture\/96485-patrimoine-subaquatique-une-conference-extraordinaire-du-conseil-consultatif-de-l-unesco\">Cliquez ici pour lire l&rsquo;article depuis sa source.<\/a><\/p>\n","protected":false},"excerpt":{"rendered":"<p>ALGER- Des experts et contr\u00f4leurs internationaux ont pris part, lundi \u00e0 Alger, \u00e0 un conf\u00e9rence extraordinaire du Conseil consultatif scientifique et technique (STAB) relevant de l&rsquo;Organisation des Nations Unies pour l&rsquo;\u00e9ducation, la science et la culture (UNESCO), avec pour th\u00e8me la valorisation de la convention de l&rsquo;UNESCO sur la protection du patrimoine culturel subaquatique, adopt\u00e9e [&hellip;]<\/p>\n","protected":false},"author":1790,"featured_media":0,"comment_status":"closed","ping_status":"closed","sticky":false,"template":"","format":"standard","meta":{"fifu_image_url":"","fifu_image_alt":"","footnotes":""},"categories":[53,79],"tags":[],"class_list":["post-65861","post","type-post","status-publish","format-standard","hentry","category-algerie","category-culture"],"_links":{"self":[{"href":"https:\/\/linitiative.ca\/International\/wp-json\/wp\/v2\/posts\/65861","targetHints":{"allow":["GET"]}}],"collection":[{"href":"https:\/\/linitiative.ca\/International\/wp-json\/wp\/v2\/posts"}],"about":[{"href":"https:\/\/linitiative.ca\/International\/wp-json\/wp\/v2\/types\/post"}],"author":[{"embeddable":true,"href":"https:\/\/linitiative.ca\/International\/wp-json\/wp\/v2\/users\/1790"}],"replies":[{"embeddable":true,"href":"https:\/\/linitiative.ca\/International\/wp-json\/wp\/v2\/comments?post=65861"}],"version-history":[{"count":0,"href":"https:\/\/linitiative.ca\/International\/wp-json\/wp\/v2\/posts\/65861\/revisions"}],"wp:attachment":[{"href":"https:\/\/linitiative.ca\/International\/wp-json\/wp\/v2\/media?parent=65861"}],"wp:term":[{"taxonomy":"category","embeddable":true,"href":"https:\/\/linitiative.ca\/International\/wp-json\/wp\/v2\/categories?post=65861"},{"taxonomy":"post_tag","embeddable":true,"href":"https:\/\/linitiative.ca\/International\/wp-json\/wp\/v2\/tags?post=65861"}],"curies":[{"name":"wp","href":"https:\/\/api.w.org\/{rel}","templated":true}]}}