{"id":65862,"date":"2019-10-29T13:04:20","date_gmt":"2019-10-29T17:04:20","guid":{"rendered":"https:\/\/linitiative.ca\/International\/rehabilitation-de-la-casbah-de-tenes-lancement-prochain-des-travaux-de-restauration\/"},"modified":"2019-10-29T13:04:20","modified_gmt":"2019-10-29T17:04:20","slug":"rehabilitation-de-la-casbah-de-tenes-lancement-prochain-des-travaux-de-restauration","status":"publish","type":"post","link":"https:\/\/linitiative.ca\/International\/rehabilitation-de-la-casbah-de-tenes-lancement-prochain-des-travaux-de-restauration\/","title":{"rendered":"R\u00e9habilitation de la Casbah de T\u00e9n\u00e8s: lancement prochain des travaux de restauration"},"content":{"rendered":"<div readability=\"37\">\n<p><strong>CHLEF &#8211; Les travaux de restauration de la Casbah de T\u00e9n\u00e8s (CHLEF), d\u00e9marreront bient\u00f4t sachant que la direction locale de la culture avait re\u00e7u r\u00e9cemment l&rsquo;\u00e9tude des travaux d&rsquo;urgence dans le cadre du plan permanent de sauvegarde et de restauration du secteur prot\u00e9g\u00e9, a-t-on appris lundi de ces services.<\/strong><\/p>\n<\/div>\n<div readability=\"64.9218997361\">\n<p>S&rsquo;exprimant \u00e0 ce propos, le chef de service du patrimoine \u00e0 la Direction de la culture, Mohamed Guendouzi a pr\u00e9cis\u00e9 \u00e0 l&rsquo;APS que \u00ab\u00a0ces services ont re\u00e7u derni\u00e8rement le dossier de l&rsquo;\u00e9tude des travaux d&rsquo;urgence relatifs \u00e0 la r\u00e9habilitation du Vieux-T\u00e9n\u00e8s permettant d&rsquo;acc\u00e9l\u00e9rer les op\u00e9rations de restauration et de sauvegarde des monuments historiques mena\u00e7ant ruine\u00a0\u00bb.<\/p>\n<p>Cette \u00e9tude contient un nouveau diagnostic du site et un cahier de charges relatif aux op\u00e9rations de restauration soumis au niveau de la commission de wilaya des march\u00e9s publics pour avis avant de publier l&rsquo;avis d&rsquo;appel d&rsquo;offre dans 15 jours sur les journaux afin de s\u00e9lectionner les entreprises qualifi\u00e9es pour prendre en charge les travaux, a affirm\u00e9 le m\u00eame responsable.<\/p>\n<p>Selon cette \u00e9tude, le projet est r\u00e9parti sur cinq (05) lots comme suit: le premier concerne Bab Labher et les quatre tours (El-ghoula, El Kebla, El Khoukha et Ben Nasseh).<\/p>\n<hr\/>\n<h3>Lire aussi:\u00a0<a href=\"http:\/\/www.aps.dz\/regions\/87627-casbah-de-tenes-rehabilitation-designation-d-un-bureau-d-etudes-pour-le-suivi-des-travaux-d-urgence\" target=\"_blank\" rel=\"noopener noreferrer\">Casbah de T\u00e9n\u00e9s- r\u00e9habilitation: d\u00e9signation d\u2019un bureau d\u2019\u00e9tudes pour le suivi des travaux d\u2019urgence<\/a><\/h3>\n<hr\/>\n<p>Le deuxi\u00e8me concerne les trois mosqu\u00e9es (Sidi Maiza, Belabes et Lala Aziza).<\/p>\n<p>Quant aux trois restants, ils concernent\u00a0 un total de 63 b\u00e2tisses (22+22+19) dont le niveau du danger est class\u00e9 en A, a-t-il poursuivi.<\/p>\n<p>Selon le responsable, cette \u00e9tude a permis l&rsquo;\u00e9laboration d&rsquo;un diagnostic et examen topographique des b\u00e2tisses et monuments mena\u00e7ant ruine au niveau de la Casbah de T\u00e9n\u00e8s, tout en fixant les conditions de restauration des vestiges (vielles pierres notamment) \u00e0 son niveau, de confortement des b\u00e2tisses en ruine et de l&rsquo;\u00e9limination des modifications modernes qui ne sont pas compatibles avec les mat\u00e9riaux originaux.<\/p>\n<p>Class\u00e9e en 2007 en tant que secteur prot\u00e9g\u00e9, la casbah de T\u00e9n\u00e8s a b\u00e9n\u00e9fici\u00e9 en 2010 d&rsquo;un plan permanent pour la sauvegarde et restauration du secteur prot\u00e9g\u00e9 en trois \u00e9tapes.<\/p>\n<\/div>\n<p>Auteur:<br \/>\n<a href=\"http:\/\/www.aps.dz\/culture\/96495-rehabilitation-de-la-casbah-de-tenes-lancement-prochain-des-travaux-de-restauration\">Cliquez ici pour lire l&rsquo;article depuis sa source.<\/a><\/p>\n","protected":false},"excerpt":{"rendered":"<p>CHLEF &#8211; Les travaux de restauration de la Casbah de T\u00e9n\u00e8s (CHLEF), d\u00e9marreront bient\u00f4t sachant que la direction locale de la culture avait re\u00e7u r\u00e9cemment l&rsquo;\u00e9tude des travaux d&rsquo;urgence dans le cadre du plan permanent de sauvegarde et de restauration du secteur prot\u00e9g\u00e9, a-t-on appris lundi de ces services. S&rsquo;exprimant \u00e0 ce propos, le chef [&hellip;]<\/p>\n","protected":false},"author":1790,"featured_media":0,"comment_status":"closed","ping_status":"closed","sticky":false,"template":"","format":"standard","meta":{"fifu_image_url":"","fifu_image_alt":"","footnotes":""},"categories":[53,79],"tags":[],"class_list":["post-65862","post","type-post","status-publish","format-standard","hentry","category-algerie","category-culture"],"_links":{"self":[{"href":"https:\/\/linitiative.ca\/International\/wp-json\/wp\/v2\/posts\/65862","targetHints":{"allow":["GET"]}}],"collection":[{"href":"https:\/\/linitiative.ca\/International\/wp-json\/wp\/v2\/posts"}],"about":[{"href":"https:\/\/linitiative.ca\/International\/wp-json\/wp\/v2\/types\/post"}],"author":[{"embeddable":true,"href":"https:\/\/linitiative.ca\/International\/wp-json\/wp\/v2\/users\/1790"}],"replies":[{"embeddable":true,"href":"https:\/\/linitiative.ca\/International\/wp-json\/wp\/v2\/comments?post=65862"}],"version-history":[{"count":0,"href":"https:\/\/linitiative.ca\/International\/wp-json\/wp\/v2\/posts\/65862\/revisions"}],"wp:attachment":[{"href":"https:\/\/linitiative.ca\/International\/wp-json\/wp\/v2\/media?parent=65862"}],"wp:term":[{"taxonomy":"category","embeddable":true,"href":"https:\/\/linitiative.ca\/International\/wp-json\/wp\/v2\/categories?post=65862"},{"taxonomy":"post_tag","embeddable":true,"href":"https:\/\/linitiative.ca\/International\/wp-json\/wp\/v2\/tags?post=65862"}],"curies":[{"name":"wp","href":"https:\/\/api.w.org\/{rel}","templated":true}]}}