{"id":65864,"date":"2019-10-29T13:04:27","date_gmt":"2019-10-29T17:04:27","guid":{"rendered":"https:\/\/linitiative.ca\/International\/le-livre-dans-les-ecoles-plus-de-500-etablissements-scolaires-cibles-a-el-oued\/"},"modified":"2019-10-29T13:04:27","modified_gmt":"2019-10-29T17:04:27","slug":"le-livre-dans-les-ecoles-plus-de-500-etablissements-scolaires-cibles-a-el-oued","status":"publish","type":"post","link":"https:\/\/linitiative.ca\/International\/le-livre-dans-les-ecoles-plus-de-500-etablissements-scolaires-cibles-a-el-oued\/","title":{"rendered":"\u00a0\u00bbLe livre dans les \u00e9coles\u00a0\u00bb: plus de 500 \u00e9tablissements scolaires cibl\u00e9s \u00e0 El-Oued"},"content":{"rendered":"<div readability=\"37\">\n<p><strong>EL-OUED &#8211; Plus de 500 \u00e9tablissements scolaires dans la wilaya d\u2019El-Oued sont cibl\u00e9s par la deuxi\u00e8me \u00e9dition de la campagne \u00ab\u00a0Le livre dans les \u00e9coles\u00a0\u00bb, lanc\u00e9e cette semaine \u00e0 l\u2019initiative de la biblioth\u00e8que principale de lecture publique de Hassani Abdelkrim, ont indiqu\u00e9 mardi les responsables de cette institution culturelle.<\/strong><\/p>\n<\/div>\n<div readability=\"61.9556714472\">\n<p>Inscrite dans le cadre du programme des activit\u00e9s scientifiques et culturelles de la biblioth\u00e8que, l\u2019initiative vise \u00e0 ancrer la lecture chez les \u00e9l\u00e8ves, notamment du primaire et du moyen, a expliqu\u00e9 \u00e0 l\u2019APS le directeur de la biblioth\u00e8que, Tidjani Tamma.<\/p>\n<p>Cette campagne s\u2019\u00e9talera sur six mois, jusqu\u2019\u00e0 mars prochain, une p\u00e9riode jug\u00e9e \u00ab\u00a0suffisante\u00a0\u00bb pour jeter les bases d\u2019une culture de la lecture chez les \u00e9l\u00e8ves, a estim\u00e9 le m\u00eame responsable, ajoutant que la biblioth\u00e8que principale et ses d\u00e9membrements dans les communes ciblera les diff\u00e9rents coll\u00e8ges et \u00e9coles pour y d\u00e9velopper le lectorat.<\/p>\n<hr\/>\n<h3>Lire aussi:\u00a0<a href=\"http:\/\/www.aps.dz\/culture\/80662-centre-national-du-livre-l-algerien-aime-lire\" target=\"_blank\" rel=\"noopener noreferrer\">Centre national du livre: l&rsquo;Alg\u00e9rien \u00ab\u00a0aime lire\u00a0\u00bb<\/a><\/h3>\n<hr\/>\n<p>Le programme de cette initiative pr\u00e9voit des rencontres de proximit\u00e9 avec les \u00e9l\u00e8ves, ainsi que la visite des rayons de la biblioth\u00e8que principale et des biblioth\u00e8ques communales lui \u00e9tant rattach\u00e9es, en vue de les sensibiliser sur l\u2019importance de la lecture et son r\u00f4le dans l\u2019\u00e9panouissement scientifique et cognitif, en sus de la mise sur pied d\u2019expositions et de concours culturels, dont ceux du meilleur r\u00e9sum\u00e9 de livre et du meilleur expos\u00e9 sur l\u2019histoire de la r\u00e9volution alg\u00e9rienne.<\/p>\n<p>Des communications acad\u00e9miques ayant trait \u00e0 la lecture et la promotion du livre et son impact positif sur l\u2019apprentissage, anim\u00e9es par des sp\u00e9cialistes et des p\u00e9dagogues, figurent au programme de cette manifestation culturelle qui propose \u00e9galement en location aux \u00e9l\u00e8ves plus de 200.000 ouvrages, a indiqu\u00e9 M. Tamma.<\/p>\n<\/div>\n<p>Auteur:<br \/>\n<a href=\"http:\/\/www.aps.dz\/culture\/96528-le-livre-dans-les-ecoles-plus-de-500-etablissements-scolaires-cibles-a-el-oued\">Cliquez ici pour lire l&rsquo;article depuis sa source.<\/a><\/p>\n","protected":false},"excerpt":{"rendered":"<p>EL-OUED &#8211; Plus de 500 \u00e9tablissements scolaires dans la wilaya d\u2019El-Oued sont cibl\u00e9s par la deuxi\u00e8me \u00e9dition de la campagne \u00ab\u00a0Le livre dans les \u00e9coles\u00a0\u00bb, lanc\u00e9e cette semaine \u00e0 l\u2019initiative de la biblioth\u00e8que principale de lecture publique de Hassani Abdelkrim, ont indiqu\u00e9 mardi les responsables de cette institution culturelle. Inscrite dans le cadre du programme [&hellip;]<\/p>\n","protected":false},"author":1790,"featured_media":0,"comment_status":"closed","ping_status":"closed","sticky":false,"template":"","format":"standard","meta":{"fifu_image_url":"","fifu_image_alt":"","footnotes":""},"categories":[53,79],"tags":[],"class_list":["post-65864","post","type-post","status-publish","format-standard","hentry","category-algerie","category-culture"],"_links":{"self":[{"href":"https:\/\/linitiative.ca\/International\/wp-json\/wp\/v2\/posts\/65864","targetHints":{"allow":["GET"]}}],"collection":[{"href":"https:\/\/linitiative.ca\/International\/wp-json\/wp\/v2\/posts"}],"about":[{"href":"https:\/\/linitiative.ca\/International\/wp-json\/wp\/v2\/types\/post"}],"author":[{"embeddable":true,"href":"https:\/\/linitiative.ca\/International\/wp-json\/wp\/v2\/users\/1790"}],"replies":[{"embeddable":true,"href":"https:\/\/linitiative.ca\/International\/wp-json\/wp\/v2\/comments?post=65864"}],"version-history":[{"count":0,"href":"https:\/\/linitiative.ca\/International\/wp-json\/wp\/v2\/posts\/65864\/revisions"}],"wp:attachment":[{"href":"https:\/\/linitiative.ca\/International\/wp-json\/wp\/v2\/media?parent=65864"}],"wp:term":[{"taxonomy":"category","embeddable":true,"href":"https:\/\/linitiative.ca\/International\/wp-json\/wp\/v2\/categories?post=65864"},{"taxonomy":"post_tag","embeddable":true,"href":"https:\/\/linitiative.ca\/International\/wp-json\/wp\/v2\/tags?post=65864"}],"curies":[{"name":"wp","href":"https:\/\/api.w.org\/{rel}","templated":true}]}}